{"id":628,"date":"2025-04-05T23:03:33","date_gmt":"2025-04-05T20:03:33","guid":{"rendered":"https:\/\/salon-ela.de\/?p=628"},"modified":"2025-06-09T22:38:32","modified_gmt":"2025-06-09T20:38:32","slug":"das-friseurhandwerk-als-kreative-kunst","status":"publish","type":"post","link":"https:\/\/salon-ela.de\/en\/das-friseurhandwerk-als-kreative-kunst\/","title":{"rendered":"Das Friseurhandwerk als kreative Kunst"},"content":{"rendered":"<p>Ein Friseur ist nicht nur ein Handwerker, sondern auch ein K\u00fcnstler. Jede Frisur ist individuell, und der Friseur muss die Gesichtsz\u00fcge, Haarstruktur, Lebensstil und Pers\u00f6nlichkeit seiner Kunden ber\u00fccksichtigen. Kreativit\u00e4t, Pr\u00e4zision und ein gutes Gesp\u00fcr f\u00fcr Trends sind wichtige Eigenschaften im Friseurberuf.<\/p>","protected":false},"excerpt":{"rendered":"<p>Ein Friseur ist nicht nur ein Handwerker, sondern auch ein K\u00fcnstler.<\/p>","protected":false},"author":1,"featured_media":720,"comment_status":"closed","ping_status":"closed","sticky":false,"template":"","format":"standard","meta":{"footnotes":""},"categories":[10],"tags":[],"class_list":["post-628","post","type-post","status-publish","format-standard","has-post-thumbnail","hentry","category-blog"],"acf":[],"yoast_head":"<!-- This site is optimized with the Yoast SEO plugin v26.4 - https:\/\/yoast.com\/wordpress\/plugins\/seo\/ -->\n<title>Das Friseurhandwerk als kreative Kunst &#8211; Friseur Ela<\/title>\n<meta name=\"description\" content=\"Ein Friseur ist nicht nur ein Handwerker, sondern auch ein K\u00fcnstler. Jede Frisur ist individuell, und der Friseur muss die Gesichtsz\u00fcge...\" \/>\n<meta name=\"robots\" content=\"index, follow, max-snippet:-1, max-image-preview:large, max-video-preview:-1\" \/>\n<link rel=\"canonical\" href=\"https:\/\/salon-ela.de\/en\/das-friseurhandwerk-als-kreative-kunst\/\" \/>\n<meta property=\"og:locale\" content=\"en_GB\" \/>\n<meta property=\"og:type\" content=\"article\" \/>\n<meta property=\"og:title\" content=\"Das Friseurhandwerk als kreative Kunst &#8211; Friseur Ela\" \/>\n<meta property=\"og:description\" content=\"Ein Friseur ist nicht nur ein Handwerker, sondern auch ein K\u00fcnstler. Jede Frisur ist individuell, und der Friseur muss die Gesichtsz\u00fcge...\" \/>\n<meta property=\"og:url\" content=\"https:\/\/salon-ela.de\/en\/das-friseurhandwerk-als-kreative-kunst\/\" \/>\n<meta property=\"og:site_name\" content=\"Friseur Ela\" \/>\n<meta property=\"article:publisher\" content=\"https:\/\/www.facebook.com\/profile.php?id=100066531817981\" \/>\n<meta property=\"article:published_time\" content=\"2025-04-05T20:03:33+00:00\" \/>\n<meta property=\"article:modified_time\" content=\"2025-06-09T20:38:32+00:00\" \/>\n<meta property=\"og:image\" content=\"https:\/\/salon-ela.de\/wp-content\/uploads\/2025\/04\/kreativ.jpg\" \/>\n\t<meta property=\"og:image:width\" content=\"612\" \/>\n\t<meta property=\"og:image:height\" content=\"536\" \/>\n\t<meta property=\"og:image:type\" content=\"image\/jpeg\" \/>\n<meta name=\"author\" content=\"salon-ela\" \/>\n<meta name=\"twitter:card\" content=\"summary_large_image\" \/>\n<meta name=\"twitter:creator\" content=\"@friseursalonela\" \/>\n<meta name=\"twitter:site\" content=\"@friseursalonela\" \/>\n<meta name=\"twitter:label1\" content=\"Written by\" \/>\n\t<meta name=\"twitter:data1\" content=\"salon-ela\" \/>\n\t<meta name=\"twitter:label2\" content=\"Estimated reading time\" \/>\n\t<meta name=\"twitter:data2\" content=\"1 minute\" \/>\n<script type=\"application\/ld+json\" class=\"yoast-schema-graph\">{\"@context\":\"https:\/\/schema.org\",\"@graph\":[{\"@type\":\"Article\",\"@id\":\"https:\/\/salon-ela.de\/das-friseurhandwerk-als-kreative-kunst\/#article\",\"isPartOf\":{\"@id\":\"https:\/\/salon-ela.de\/das-friseurhandwerk-als-kreative-kunst\/\"},\"author\":{\"name\":\"salon-ela\",\"@id\":\"https:\/\/salon-ela.de\/uk\/#\/schema\/person\/d6719e877bf41e9757bbfa732918a980\"},\"headline\":\"Das Friseurhandwerk als kreative Kunst\",\"datePublished\":\"2025-04-05T20:03:33+00:00\",\"dateModified\":\"2025-06-09T20:38:32+00:00\",\"mainEntityOfPage\":{\"@id\":\"https:\/\/salon-ela.de\/das-friseurhandwerk-als-kreative-kunst\/\"},\"wordCount\":54,\"publisher\":{\"@id\":\"https:\/\/salon-ela.de\/uk\/#organization\"},\"image\":{\"@id\":\"https:\/\/salon-ela.de\/das-friseurhandwerk-als-kreative-kunst\/#primaryimage\"},\"thumbnailUrl\":\"https:\/\/salon-ela.de\/wp-content\/uploads\/2025\/04\/kreativ.jpg\",\"articleSection\":[\"Blog\"],\"inLanguage\":\"en-GB\"},{\"@type\":\"WebPage\",\"@id\":\"https:\/\/salon-ela.de\/das-friseurhandwerk-als-kreative-kunst\/\",\"url\":\"https:\/\/salon-ela.de\/das-friseurhandwerk-als-kreative-kunst\/\",\"name\":\"Das Friseurhandwerk als kreative Kunst &#8211; Friseur Ela\",\"isPartOf\":{\"@id\":\"https:\/\/salon-ela.de\/uk\/#website\"},\"primaryImageOfPage\":{\"@id\":\"https:\/\/salon-ela.de\/das-friseurhandwerk-als-kreative-kunst\/#primaryimage\"},\"image\":{\"@id\":\"https:\/\/salon-ela.de\/das-friseurhandwerk-als-kreative-kunst\/#primaryimage\"},\"thumbnailUrl\":\"https:\/\/salon-ela.de\/wp-content\/uploads\/2025\/04\/kreativ.jpg\",\"datePublished\":\"2025-04-05T20:03:33+00:00\",\"dateModified\":\"2025-06-09T20:38:32+00:00\",\"description\":\"Ein Friseur ist nicht nur ein Handwerker, sondern auch ein K\u00fcnstler. Jede Frisur ist individuell, und der Friseur muss die Gesichtsz\u00fcge...\",\"breadcrumb\":{\"@id\":\"https:\/\/salon-ela.de\/das-friseurhandwerk-als-kreative-kunst\/#breadcrumb\"},\"inLanguage\":\"en-GB\",\"potentialAction\":[{\"@type\":\"ReadAction\",\"target\":[\"https:\/\/salon-ela.de\/das-friseurhandwerk-als-kreative-kunst\/\"]}]},{\"@type\":\"ImageObject\",\"inLanguage\":\"en-GB\",\"@id\":\"https:\/\/salon-ela.de\/das-friseurhandwerk-als-kreative-kunst\/#primaryimage\",\"url\":\"https:\/\/salon-ela.de\/wp-content\/uploads\/2025\/04\/kreativ.jpg\",\"contentUrl\":\"https:\/\/salon-ela.de\/wp-content\/uploads\/2025\/04\/kreativ.jpg\",\"width\":612,\"height\":536,\"caption\":\"Young Woman Visiting Beauty Salon. Hairdresser Master doing Haircut for Girl Cutting Hair with Scissors in front of the Mirror. Recreation in Grooming Place, Treatment. Vector Illustration\"},{\"@type\":\"BreadcrumbList\",\"@id\":\"https:\/\/salon-ela.de\/das-friseurhandwerk-als-kreative-kunst\/#breadcrumb\",\"itemListElement\":[{\"@type\":\"ListItem\",\"position\":1,\"name\":\"Home\",\"item\":\"https:\/\/salon-ela.de\/uk\/\"},{\"@type\":\"ListItem\",\"position\":2,\"name\":\"Das Friseurhandwerk als kreative Kunst\"}]},{\"@type\":\"WebSite\",\"@id\":\"https:\/\/salon-ela.de\/uk\/#website\",\"url\":\"https:\/\/salon-ela.de\/uk\/\",\"name\":\"Friseursalon Ela\",\"description\":\"Friseursalon Ela in Dortmund\",\"publisher\":{\"@id\":\"https:\/\/salon-ela.de\/uk\/#organization\"},\"potentialAction\":[{\"@type\":\"SearchAction\",\"target\":{\"@type\":\"EntryPoint\",\"urlTemplate\":\"https:\/\/salon-ela.de\/uk\/?s={search_term_string}\"},\"query-input\":{\"@type\":\"PropertyValueSpecification\",\"valueRequired\":true,\"valueName\":\"search_term_string\"}}],\"inLanguage\":\"en-GB\"},{\"@type\":\"Organization\",\"@id\":\"https:\/\/salon-ela.de\/uk\/#organization\",\"name\":\"Friseursalon Ela\",\"url\":\"https:\/\/salon-ela.de\/uk\/\",\"logo\":{\"@type\":\"ImageObject\",\"inLanguage\":\"en-GB\",\"@id\":\"https:\/\/salon-ela.de\/uk\/#\/schema\/logo\/image\/\",\"url\":\"https:\/\/salon-ela.de\/wp-content\/uploads\/2025\/02\/logoela.png\",\"contentUrl\":\"https:\/\/salon-ela.de\/wp-content\/uploads\/2025\/02\/logoela.png\",\"width\":60,\"height\":96,\"caption\":\"Friseursalon Ela\"},\"image\":{\"@id\":\"https:\/\/salon-ela.de\/uk\/#\/schema\/logo\/image\/\"},\"sameAs\":[\"https:\/\/www.facebook.com\/profile.php?id=100066531817981\",\"https:\/\/x.com\/friseursalonela\"]},{\"@type\":\"Person\",\"@id\":\"https:\/\/salon-ela.de\/uk\/#\/schema\/person\/d6719e877bf41e9757bbfa732918a980\",\"name\":\"salon-ela\",\"image\":{\"@type\":\"ImageObject\",\"inLanguage\":\"en-GB\",\"@id\":\"https:\/\/salon-ela.de\/uk\/#\/schema\/person\/image\/\",\"url\":\"https:\/\/secure.gravatar.com\/avatar\/74dce7f9ee1a15bceb8c52b8f25c92eab6cfe4dcef45c2ca9fa1b49d1a512f83?s=96&d=mm&r=g\",\"contentUrl\":\"https:\/\/secure.gravatar.com\/avatar\/74dce7f9ee1a15bceb8c52b8f25c92eab6cfe4dcef45c2ca9fa1b49d1a512f83?s=96&d=mm&r=g\",\"caption\":\"salon-ela\"},\"sameAs\":[\"http:\/\/salon-ela.orhandavidov.com\"],\"url\":\"https:\/\/salon-ela.de\/en\/author\/salon-ela\/\"}]}<\/script>\n<!-- \/ Yoast SEO plugin. -->","yoast_head_json":{"title":"Das Friseurhandwerk als kreative Kunst &#8211; Friseur Ela","description":"Ein Friseur ist nicht nur ein Handwerker, sondern auch ein K\u00fcnstler. Jede Frisur ist individuell, und der Friseur muss die Gesichtsz\u00fcge...","robots":{"index":"index","follow":"follow","max-snippet":"max-snippet:-1","max-image-preview":"max-image-preview:large","max-video-preview":"max-video-preview:-1"},"canonical":"https:\/\/salon-ela.de\/en\/das-friseurhandwerk-als-kreative-kunst\/","og_locale":"en_GB","og_type":"article","og_title":"Das Friseurhandwerk als kreative Kunst &#8211; Friseur Ela","og_description":"Ein Friseur ist nicht nur ein Handwerker, sondern auch ein K\u00fcnstler. Jede Frisur ist individuell, und der Friseur muss die Gesichtsz\u00fcge...","og_url":"https:\/\/salon-ela.de\/en\/das-friseurhandwerk-als-kreative-kunst\/","og_site_name":"Friseur Ela","article_publisher":"https:\/\/www.facebook.com\/profile.php?id=100066531817981","article_published_time":"2025-04-05T20:03:33+00:00","article_modified_time":"2025-06-09T20:38:32+00:00","og_image":[{"width":612,"height":536,"url":"https:\/\/salon-ela.de\/wp-content\/uploads\/2025\/04\/kreativ.jpg","type":"image\/jpeg"}],"author":"salon-ela","twitter_card":"summary_large_image","twitter_creator":"@friseursalonela","twitter_site":"@friseursalonela","twitter_misc":{"Written by":"salon-ela","Estimated reading time":"1 minute"},"schema":{"@context":"https:\/\/schema.org","@graph":[{"@type":"Article","@id":"https:\/\/salon-ela.de\/das-friseurhandwerk-als-kreative-kunst\/#article","isPartOf":{"@id":"https:\/\/salon-ela.de\/das-friseurhandwerk-als-kreative-kunst\/"},"author":{"name":"salon-ela","@id":"https:\/\/salon-ela.de\/uk\/#\/schema\/person\/d6719e877bf41e9757bbfa732918a980"},"headline":"Das Friseurhandwerk als kreative Kunst","datePublished":"2025-04-05T20:03:33+00:00","dateModified":"2025-06-09T20:38:32+00:00","mainEntityOfPage":{"@id":"https:\/\/salon-ela.de\/das-friseurhandwerk-als-kreative-kunst\/"},"wordCount":54,"publisher":{"@id":"https:\/\/salon-ela.de\/uk\/#organization"},"image":{"@id":"https:\/\/salon-ela.de\/das-friseurhandwerk-als-kreative-kunst\/#primaryimage"},"thumbnailUrl":"https:\/\/salon-ela.de\/wp-content\/uploads\/2025\/04\/kreativ.jpg","articleSection":["Blog"],"inLanguage":"en-GB"},{"@type":"WebPage","@id":"https:\/\/salon-ela.de\/das-friseurhandwerk-als-kreative-kunst\/","url":"https:\/\/salon-ela.de\/das-friseurhandwerk-als-kreative-kunst\/","name":"Das Friseurhandwerk als kreative Kunst &#8211; Friseur Ela","isPartOf":{"@id":"https:\/\/salon-ela.de\/uk\/#website"},"primaryImageOfPage":{"@id":"https:\/\/salon-ela.de\/das-friseurhandwerk-als-kreative-kunst\/#primaryimage"},"image":{"@id":"https:\/\/salon-ela.de\/das-friseurhandwerk-als-kreative-kunst\/#primaryimage"},"thumbnailUrl":"https:\/\/salon-ela.de\/wp-content\/uploads\/2025\/04\/kreativ.jpg","datePublished":"2025-04-05T20:03:33+00:00","dateModified":"2025-06-09T20:38:32+00:00","description":"Ein Friseur ist nicht nur ein Handwerker, sondern auch ein K\u00fcnstler. Jede Frisur ist individuell, und der Friseur muss die Gesichtsz\u00fcge...","breadcrumb":{"@id":"https:\/\/salon-ela.de\/das-friseurhandwerk-als-kreative-kunst\/#breadcrumb"},"inLanguage":"en-GB","potentialAction":[{"@type":"ReadAction","target":["https:\/\/salon-ela.de\/das-friseurhandwerk-als-kreative-kunst\/"]}]},{"@type":"ImageObject","inLanguage":"en-GB","@id":"https:\/\/salon-ela.de\/das-friseurhandwerk-als-kreative-kunst\/#primaryimage","url":"https:\/\/salon-ela.de\/wp-content\/uploads\/2025\/04\/kreativ.jpg","contentUrl":"https:\/\/salon-ela.de\/wp-content\/uploads\/2025\/04\/kreativ.jpg","width":612,"height":536,"caption":"Young Woman Visiting Beauty Salon. Hairdresser Master doing Haircut for Girl Cutting Hair with Scissors in front of the Mirror. Recreation in Grooming Place, Treatment. Vector Illustration"},{"@type":"BreadcrumbList","@id":"https:\/\/salon-ela.de\/das-friseurhandwerk-als-kreative-kunst\/#breadcrumb","itemListElement":[{"@type":"ListItem","position":1,"name":"Home","item":"https:\/\/salon-ela.de\/uk\/"},{"@type":"ListItem","position":2,"name":"Das Friseurhandwerk als kreative Kunst"}]},{"@type":"WebSite","@id":"https:\/\/salon-ela.de\/uk\/#website","url":"https:\/\/salon-ela.de\/uk\/","name":"Friseursalon Ela","description":"Friseursalon Ela in Dortmund","publisher":{"@id":"https:\/\/salon-ela.de\/uk\/#organization"},"potentialAction":[{"@type":"SearchAction","target":{"@type":"EntryPoint","urlTemplate":"https:\/\/salon-ela.de\/uk\/?s={search_term_string}"},"query-input":{"@type":"PropertyValueSpecification","valueRequired":true,"valueName":"search_term_string"}}],"inLanguage":"en-GB"},{"@type":"Organization","@id":"https:\/\/salon-ela.de\/uk\/#organization","name":"Friseursalon Ela","url":"https:\/\/salon-ela.de\/uk\/","logo":{"@type":"ImageObject","inLanguage":"en-GB","@id":"https:\/\/salon-ela.de\/uk\/#\/schema\/logo\/image\/","url":"https:\/\/salon-ela.de\/wp-content\/uploads\/2025\/02\/logoela.png","contentUrl":"https:\/\/salon-ela.de\/wp-content\/uploads\/2025\/02\/logoela.png","width":60,"height":96,"caption":"Friseursalon Ela"},"image":{"@id":"https:\/\/salon-ela.de\/uk\/#\/schema\/logo\/image\/"},"sameAs":["https:\/\/www.facebook.com\/profile.php?id=100066531817981","https:\/\/x.com\/friseursalonela"]},{"@type":"Person","@id":"https:\/\/salon-ela.de\/uk\/#\/schema\/person\/d6719e877bf41e9757bbfa732918a980","name":"salon-ela","image":{"@type":"ImageObject","inLanguage":"en-GB","@id":"https:\/\/salon-ela.de\/uk\/#\/schema\/person\/image\/","url":"https:\/\/secure.gravatar.com\/avatar\/74dce7f9ee1a15bceb8c52b8f25c92eab6cfe4dcef45c2ca9fa1b49d1a512f83?s=96&d=mm&r=g","contentUrl":"https:\/\/secure.gravatar.com\/avatar\/74dce7f9ee1a15bceb8c52b8f25c92eab6cfe4dcef45c2ca9fa1b49d1a512f83?s=96&d=mm&r=g","caption":"salon-ela"},"sameAs":["http:\/\/salon-ela.orhandavidov.com"],"url":"https:\/\/salon-ela.de\/en\/author\/salon-ela\/"}]}},"_links":{"self":[{"href":"https:\/\/salon-ela.de\/en\/wp-json\/wp\/v2\/posts\/628","targetHints":{"allow":["GET"]}}],"collection":[{"href":"https:\/\/salon-ela.de\/en\/wp-json\/wp\/v2\/posts"}],"about":[{"href":"https:\/\/salon-ela.de\/en\/wp-json\/wp\/v2\/types\/post"}],"author":[{"embeddable":true,"href":"https:\/\/salon-ela.de\/en\/wp-json\/wp\/v2\/users\/1"}],"replies":[{"embeddable":true,"href":"https:\/\/salon-ela.de\/en\/wp-json\/wp\/v2\/comments?post=628"}],"version-history":[{"count":0,"href":"https:\/\/salon-ela.de\/en\/wp-json\/wp\/v2\/posts\/628\/revisions"}],"wp:featuredmedia":[{"embeddable":true,"href":"https:\/\/salon-ela.de\/en\/wp-json\/wp\/v2\/media\/720"}],"wp:attachment":[{"href":"https:\/\/salon-ela.de\/en\/wp-json\/wp\/v2\/media?parent=628"}],"wp:term":[{"taxonomy":"category","embeddable":true,"href":"https:\/\/salon-ela.de\/en\/wp-json\/wp\/v2\/categories?post=628"},{"taxonomy":"post_tag","embeddable":true,"href":"https:\/\/salon-ela.de\/en\/wp-json\/wp\/v2\/tags?post=628"}],"curies":[{"name":"wp","href":"https:\/\/api.w.org\/{rel}","templated":true}]}}