{"id":129,"date":"2025-02-22T23:41:36","date_gmt":"2025-02-22T20:41:36","guid":{"rendered":"https:\/\/salon-ela.de\/\/?p=129"},"modified":"2025-06-01T23:20:40","modified_gmt":"2025-06-01T21:20:40","slug":"shahid-davidov","status":"publish","type":"post","link":"https:\/\/salon-ela.de\/tr\/shahid-davidov\/","title":{"rendered":"Shahid"},"content":{"rendered":"<p><strong>Erkek Sa\u00e7 Kesiminin Ustas\u0131: Berberlik Sanat\u0131nda 13 Y\u0131ll\u0131k Deneyim<\/strong><\/p>\n\n\n\n<p>Yetenekli bir berber, sadece sa\u00e7 kesen biri de\u011fil, ayn\u0131 zamanda m\u00fc\u015fterilerinin g\u00f6r\u00fcn\u00fcm\u00fcn\u00fc ve \u00f6zg\u00fcvenini de\u011fi\u015ftiren ger\u00e7ek bir sanat\u00e7\u0131d\u0131r. 13 y\u0131ll\u0131k deneyime sahip kahraman\u0131m\u0131z, erkek sa\u00e7 kesimi konusunda uzmanla\u015fm\u0131\u015f ve mesle\u011finde ger\u00e7ek bir usta olmu\u015ftur.<\/p>\n\n\n\n<p>Onun yolculu\u011fu, erkek stiline olan tutkusunu bir kariyere d\u00f6n\u00fc\u015ft\u00fcrmeye karar verdi\u011fi on y\u0131ldan fazla bir s\u00fcre \u00f6nce ba\u015flad\u0131. Yo\u011fun \u00e7al\u0131\u015fma, adanm\u0131\u015fl\u0131k ve s\u00fcrekli geli\u015fme iste\u011fi sayesinde, klasik k\u0131sa sa\u00e7 kesimlerinden modern fade stillerine ve kusursuz sakal \u015fekillendirmelerine kadar bir\u00e7ok tekni\u011fi m\u00fckemmelle\u015ftirdi.<\/p>\n\n\n\n<p>Detaylara olan keskin bak\u0131\u015f\u0131 ve farkl\u0131 y\u00fcz \u015fekilleri ile sa\u00e7 tiplerine dair derin anlay\u0131\u015f\u0131 sayesinde her m\u00fc\u015fterisine ki\u015fiye \u00f6zel, kusursuz bir g\u00f6r\u00fcn\u00fcm sunabiliyor. Hassasiyeti ve mesle\u011fine olan ba\u011fl\u0131l\u0131\u011f\u0131, ona her zaman geri d\u00f6nen sad\u0131k bir m\u00fc\u015fteri kitlesi kazand\u0131rd\u0131.<\/p>\n\n\n\n<p>Ayr\u0131ca, berberlik alan\u0131ndaki en yeni trendleri ve teknolojileri yak\u0131ndan takip ediyor, e\u011fitimlere kat\u0131l\u0131yor ve her zaman g\u00fcncel kal\u0131yor. \u00c7\u00fcnk\u00fc o, sa\u00e7 kesiminin sadece bir hizmet olmad\u0131\u011f\u0131n\u0131, ayn\u0131 zamanda ki\u015fili\u011fin bir ifadesi oldu\u011funu \u00e7ok iyi biliyor.<\/p>\n\n\n\n<p>Onun mottosu: \"\u0130yi bir sa\u00e7 kesimi hayat\u0131 de\u011fi\u015ftirebilir.\" Deneyimi ve yetene\u011fi sayesinde, her m\u00fc\u015fterisinin kendini rahat, \u015f\u0131k ve \u00f6zg\u00fcvenli hissetmesini sa\u011fl\u0131yor.<\/p>","protected":false},"excerpt":{"rendered":"<p>Top Barber<br \/>\nDil becerileri: Almanca, T\u00fcrk\u00e7e, Rus\u00e7a, Ukraynaca.<\/p>","protected":false},"author":1,"featured_media":570,"comment_status":"closed","ping_status":"closed","sticky":false,"template":"","format":"standard","meta":{"footnotes":""},"categories":[9],"tags":[],"class_list":["post-129","post","type-post","status-publish","format-standard","has-post-thumbnail","hentry","category-our-team"],"acf":[],"yoast_head":"<!-- This site is optimized with the Yoast SEO plugin v26.4 - https:\/\/yoast.com\/wordpress\/plugins\/seo\/ -->\n<title>Shahid &#8211; Friseur Ela<\/title>\n<meta name=\"description\" content=\"Der Meister Shahid Davidov, der M\u00e4nnerhaarschnitte: 13 Jahre Erfahrung in der Kunst des Friseurhandwerks. Ein talentierter Friseur...\" \/>\n<meta name=\"robots\" content=\"index, follow, max-snippet:-1, max-image-preview:large, max-video-preview:-1\" \/>\n<link rel=\"canonical\" href=\"https:\/\/salon-ela.de\/tr\/shahid-davidov\/\" \/>\n<meta property=\"og:locale\" content=\"tr_TR\" \/>\n<meta property=\"og:type\" content=\"article\" \/>\n<meta property=\"og:title\" content=\"Shahid &#8211; Friseur Ela\" \/>\n<meta property=\"og:description\" content=\"Der Meister Shahid Davidov, der M\u00e4nnerhaarschnitte: 13 Jahre Erfahrung in der Kunst des Friseurhandwerks. Ein talentierter Friseur...\" \/>\n<meta property=\"og:url\" content=\"https:\/\/salon-ela.de\/tr\/shahid-davidov\/\" \/>\n<meta property=\"og:site_name\" content=\"Friseur Ela\" \/>\n<meta property=\"article:publisher\" content=\"https:\/\/www.facebook.com\/profile.php?id=100066531817981\" \/>\n<meta property=\"article:published_time\" content=\"2025-02-22T20:41:36+00:00\" \/>\n<meta property=\"article:modified_time\" content=\"2025-06-01T21:20:40+00:00\" \/>\n<meta property=\"og:image\" content=\"https:\/\/salon-ela.de\/wp-content\/uploads\/2025\/03\/shahid.webp\" \/>\n\t<meta property=\"og:image:width\" content=\"960\" \/>\n\t<meta property=\"og:image:height\" content=\"1280\" \/>\n\t<meta property=\"og:image:type\" content=\"image\/webp\" \/>\n<meta name=\"author\" content=\"salon-ela\" \/>\n<meta name=\"twitter:card\" content=\"summary_large_image\" \/>\n<meta name=\"twitter:creator\" content=\"@friseursalonela\" \/>\n<meta name=\"twitter:site\" content=\"@friseursalonela\" \/>\n<meta name=\"twitter:label1\" content=\"Yazan:\" \/>\n\t<meta name=\"twitter:data1\" content=\"salon-ela\" \/>\n\t<meta name=\"twitter:label2\" content=\"Tahmini okuma s\u00fcresi\" \/>\n\t<meta name=\"twitter:data2\" content=\"2 dakika\" \/>\n<script type=\"application\/ld+json\" class=\"yoast-schema-graph\">{\"@context\":\"https:\/\/schema.org\",\"@graph\":[{\"@type\":\"Article\",\"@id\":\"https:\/\/salon-ela.de\/shahid-davidov\/#article\",\"isPartOf\":{\"@id\":\"https:\/\/salon-ela.de\/shahid-davidov\/\"},\"author\":{\"name\":\"salon-ela\",\"@id\":\"https:\/\/salon-ela.de\/uk\/#\/schema\/person\/d6719e877bf41e9757bbfa732918a980\"},\"headline\":\"Shahid\",\"datePublished\":\"2025-02-22T20:41:36+00:00\",\"dateModified\":\"2025-06-01T21:20:40+00:00\",\"mainEntityOfPage\":{\"@id\":\"https:\/\/salon-ela.de\/shahid-davidov\/\"},\"wordCount\":227,\"publisher\":{\"@id\":\"https:\/\/salon-ela.de\/uk\/#organization\"},\"image\":{\"@id\":\"https:\/\/salon-ela.de\/shahid-davidov\/#primaryimage\"},\"thumbnailUrl\":\"https:\/\/salon-ela.de\/wp-content\/uploads\/2025\/03\/shahid.webp\",\"articleSection\":[\"Our Team\"],\"inLanguage\":\"tr\"},{\"@type\":\"WebPage\",\"@id\":\"https:\/\/salon-ela.de\/shahid-davidov\/\",\"url\":\"https:\/\/salon-ela.de\/shahid-davidov\/\",\"name\":\"Shahid &#8211; Friseur Ela\",\"isPartOf\":{\"@id\":\"https:\/\/salon-ela.de\/uk\/#website\"},\"primaryImageOfPage\":{\"@id\":\"https:\/\/salon-ela.de\/shahid-davidov\/#primaryimage\"},\"image\":{\"@id\":\"https:\/\/salon-ela.de\/shahid-davidov\/#primaryimage\"},\"thumbnailUrl\":\"https:\/\/salon-ela.de\/wp-content\/uploads\/2025\/03\/shahid.webp\",\"datePublished\":\"2025-02-22T20:41:36+00:00\",\"dateModified\":\"2025-06-01T21:20:40+00:00\",\"description\":\"Der Meister Shahid Davidov, der M\u00e4nnerhaarschnitte: 13 Jahre Erfahrung in der Kunst des Friseurhandwerks. Ein talentierter Friseur...\",\"breadcrumb\":{\"@id\":\"https:\/\/salon-ela.de\/shahid-davidov\/#breadcrumb\"},\"inLanguage\":\"tr\",\"potentialAction\":[{\"@type\":\"ReadAction\",\"target\":[\"https:\/\/salon-ela.de\/shahid-davidov\/\"]}]},{\"@type\":\"ImageObject\",\"inLanguage\":\"tr\",\"@id\":\"https:\/\/salon-ela.de\/shahid-davidov\/#primaryimage\",\"url\":\"https:\/\/salon-ela.de\/wp-content\/uploads\/2025\/03\/shahid.webp\",\"contentUrl\":\"https:\/\/salon-ela.de\/wp-content\/uploads\/2025\/03\/shahid.webp\",\"width\":960,\"height\":1280},{\"@type\":\"BreadcrumbList\",\"@id\":\"https:\/\/salon-ela.de\/shahid-davidov\/#breadcrumb\",\"itemListElement\":[{\"@type\":\"ListItem\",\"position\":1,\"name\":\"Home\",\"item\":\"https:\/\/salon-ela.de\/uk\/\"},{\"@type\":\"ListItem\",\"position\":2,\"name\":\"Shahid\"}]},{\"@type\":\"WebSite\",\"@id\":\"https:\/\/salon-ela.de\/uk\/#website\",\"url\":\"https:\/\/salon-ela.de\/uk\/\",\"name\":\"Friseursalon Ela\",\"description\":\"Friseursalon Ela in Dortmund\",\"publisher\":{\"@id\":\"https:\/\/salon-ela.de\/uk\/#organization\"},\"potentialAction\":[{\"@type\":\"SearchAction\",\"target\":{\"@type\":\"EntryPoint\",\"urlTemplate\":\"https:\/\/salon-ela.de\/uk\/?s={search_term_string}\"},\"query-input\":{\"@type\":\"PropertyValueSpecification\",\"valueRequired\":true,\"valueName\":\"search_term_string\"}}],\"inLanguage\":\"tr\"},{\"@type\":\"Organization\",\"@id\":\"https:\/\/salon-ela.de\/uk\/#organization\",\"name\":\"Friseursalon Ela\",\"url\":\"https:\/\/salon-ela.de\/uk\/\",\"logo\":{\"@type\":\"ImageObject\",\"inLanguage\":\"tr\",\"@id\":\"https:\/\/salon-ela.de\/uk\/#\/schema\/logo\/image\/\",\"url\":\"https:\/\/salon-ela.de\/wp-content\/uploads\/2025\/02\/logoela.png\",\"contentUrl\":\"https:\/\/salon-ela.de\/wp-content\/uploads\/2025\/02\/logoela.png\",\"width\":60,\"height\":96,\"caption\":\"Friseursalon Ela\"},\"image\":{\"@id\":\"https:\/\/salon-ela.de\/uk\/#\/schema\/logo\/image\/\"},\"sameAs\":[\"https:\/\/www.facebook.com\/profile.php?id=100066531817981\",\"https:\/\/x.com\/friseursalonela\"]},{\"@type\":\"Person\",\"@id\":\"https:\/\/salon-ela.de\/uk\/#\/schema\/person\/d6719e877bf41e9757bbfa732918a980\",\"name\":\"salon-ela\",\"image\":{\"@type\":\"ImageObject\",\"inLanguage\":\"tr\",\"@id\":\"https:\/\/salon-ela.de\/uk\/#\/schema\/person\/image\/\",\"url\":\"https:\/\/secure.gravatar.com\/avatar\/74dce7f9ee1a15bceb8c52b8f25c92eab6cfe4dcef45c2ca9fa1b49d1a512f83?s=96&d=mm&r=g\",\"contentUrl\":\"https:\/\/secure.gravatar.com\/avatar\/74dce7f9ee1a15bceb8c52b8f25c92eab6cfe4dcef45c2ca9fa1b49d1a512f83?s=96&d=mm&r=g\",\"caption\":\"salon-ela\"},\"sameAs\":[\"http:\/\/salon-ela.orhandavidov.com\"],\"url\":\"https:\/\/salon-ela.de\/tr\/author\/salon-ela\/\"}]}<\/script>\n<!-- \/ Yoast SEO plugin. -->","yoast_head_json":{"title":"Shahid &#8211; Friseur Ela","description":"Der Meister Shahid Davidov, der M\u00e4nnerhaarschnitte: 13 Jahre Erfahrung in der Kunst des Friseurhandwerks. Ein talentierter Friseur...","robots":{"index":"index","follow":"follow","max-snippet":"max-snippet:-1","max-image-preview":"max-image-preview:large","max-video-preview":"max-video-preview:-1"},"canonical":"https:\/\/salon-ela.de\/tr\/shahid-davidov\/","og_locale":"tr_TR","og_type":"article","og_title":"Shahid &#8211; Friseur Ela","og_description":"Der Meister Shahid Davidov, der M\u00e4nnerhaarschnitte: 13 Jahre Erfahrung in der Kunst des Friseurhandwerks. Ein talentierter Friseur...","og_url":"https:\/\/salon-ela.de\/tr\/shahid-davidov\/","og_site_name":"Friseur Ela","article_publisher":"https:\/\/www.facebook.com\/profile.php?id=100066531817981","article_published_time":"2025-02-22T20:41:36+00:00","article_modified_time":"2025-06-01T21:20:40+00:00","og_image":[{"width":960,"height":1280,"url":"https:\/\/salon-ela.de\/wp-content\/uploads\/2025\/03\/shahid.webp","type":"image\/webp"}],"author":"salon-ela","twitter_card":"summary_large_image","twitter_creator":"@friseursalonela","twitter_site":"@friseursalonela","twitter_misc":{"Yazan:":"salon-ela","Tahmini okuma s\u00fcresi":"2 dakika"},"schema":{"@context":"https:\/\/schema.org","@graph":[{"@type":"Article","@id":"https:\/\/salon-ela.de\/shahid-davidov\/#article","isPartOf":{"@id":"https:\/\/salon-ela.de\/shahid-davidov\/"},"author":{"name":"salon-ela","@id":"https:\/\/salon-ela.de\/uk\/#\/schema\/person\/d6719e877bf41e9757bbfa732918a980"},"headline":"Shahid","datePublished":"2025-02-22T20:41:36+00:00","dateModified":"2025-06-01T21:20:40+00:00","mainEntityOfPage":{"@id":"https:\/\/salon-ela.de\/shahid-davidov\/"},"wordCount":227,"publisher":{"@id":"https:\/\/salon-ela.de\/uk\/#organization"},"image":{"@id":"https:\/\/salon-ela.de\/shahid-davidov\/#primaryimage"},"thumbnailUrl":"https:\/\/salon-ela.de\/wp-content\/uploads\/2025\/03\/shahid.webp","articleSection":["Our Team"],"inLanguage":"tr"},{"@type":"WebPage","@id":"https:\/\/salon-ela.de\/shahid-davidov\/","url":"https:\/\/salon-ela.de\/shahid-davidov\/","name":"Shahid &#8211; Friseur Ela","isPartOf":{"@id":"https:\/\/salon-ela.de\/uk\/#website"},"primaryImageOfPage":{"@id":"https:\/\/salon-ela.de\/shahid-davidov\/#primaryimage"},"image":{"@id":"https:\/\/salon-ela.de\/shahid-davidov\/#primaryimage"},"thumbnailUrl":"https:\/\/salon-ela.de\/wp-content\/uploads\/2025\/03\/shahid.webp","datePublished":"2025-02-22T20:41:36+00:00","dateModified":"2025-06-01T21:20:40+00:00","description":"Der Meister Shahid Davidov, der M\u00e4nnerhaarschnitte: 13 Jahre Erfahrung in der Kunst des Friseurhandwerks. Ein talentierter Friseur...","breadcrumb":{"@id":"https:\/\/salon-ela.de\/shahid-davidov\/#breadcrumb"},"inLanguage":"tr","potentialAction":[{"@type":"ReadAction","target":["https:\/\/salon-ela.de\/shahid-davidov\/"]}]},{"@type":"ImageObject","inLanguage":"tr","@id":"https:\/\/salon-ela.de\/shahid-davidov\/#primaryimage","url":"https:\/\/salon-ela.de\/wp-content\/uploads\/2025\/03\/shahid.webp","contentUrl":"https:\/\/salon-ela.de\/wp-content\/uploads\/2025\/03\/shahid.webp","width":960,"height":1280},{"@type":"BreadcrumbList","@id":"https:\/\/salon-ela.de\/shahid-davidov\/#breadcrumb","itemListElement":[{"@type":"ListItem","position":1,"name":"Home","item":"https:\/\/salon-ela.de\/uk\/"},{"@type":"ListItem","position":2,"name":"Shahid"}]},{"@type":"WebSite","@id":"https:\/\/salon-ela.de\/uk\/#website","url":"https:\/\/salon-ela.de\/uk\/","name":"Friseursalon Ela","description":"Friseursalon Ela in Dortmund","publisher":{"@id":"https:\/\/salon-ela.de\/uk\/#organization"},"potentialAction":[{"@type":"SearchAction","target":{"@type":"EntryPoint","urlTemplate":"https:\/\/salon-ela.de\/uk\/?s={search_term_string}"},"query-input":{"@type":"PropertyValueSpecification","valueRequired":true,"valueName":"search_term_string"}}],"inLanguage":"tr"},{"@type":"Organization","@id":"https:\/\/salon-ela.de\/uk\/#organization","name":"Friseursalon Ela","url":"https:\/\/salon-ela.de\/uk\/","logo":{"@type":"ImageObject","inLanguage":"tr","@id":"https:\/\/salon-ela.de\/uk\/#\/schema\/logo\/image\/","url":"https:\/\/salon-ela.de\/wp-content\/uploads\/2025\/02\/logoela.png","contentUrl":"https:\/\/salon-ela.de\/wp-content\/uploads\/2025\/02\/logoela.png","width":60,"height":96,"caption":"Friseursalon Ela"},"image":{"@id":"https:\/\/salon-ela.de\/uk\/#\/schema\/logo\/image\/"},"sameAs":["https:\/\/www.facebook.com\/profile.php?id=100066531817981","https:\/\/x.com\/friseursalonela"]},{"@type":"Person","@id":"https:\/\/salon-ela.de\/uk\/#\/schema\/person\/d6719e877bf41e9757bbfa732918a980","name":"salon-ela","image":{"@type":"ImageObject","inLanguage":"tr","@id":"https:\/\/salon-ela.de\/uk\/#\/schema\/person\/image\/","url":"https:\/\/secure.gravatar.com\/avatar\/74dce7f9ee1a15bceb8c52b8f25c92eab6cfe4dcef45c2ca9fa1b49d1a512f83?s=96&d=mm&r=g","contentUrl":"https:\/\/secure.gravatar.com\/avatar\/74dce7f9ee1a15bceb8c52b8f25c92eab6cfe4dcef45c2ca9fa1b49d1a512f83?s=96&d=mm&r=g","caption":"salon-ela"},"sameAs":["http:\/\/salon-ela.orhandavidov.com"],"url":"https:\/\/salon-ela.de\/tr\/author\/salon-ela\/"}]}},"_links":{"self":[{"href":"https:\/\/salon-ela.de\/tr\/wp-json\/wp\/v2\/posts\/129","targetHints":{"allow":["GET"]}}],"collection":[{"href":"https:\/\/salon-ela.de\/tr\/wp-json\/wp\/v2\/posts"}],"about":[{"href":"https:\/\/salon-ela.de\/tr\/wp-json\/wp\/v2\/types\/post"}],"author":[{"embeddable":true,"href":"https:\/\/salon-ela.de\/tr\/wp-json\/wp\/v2\/users\/1"}],"replies":[{"embeddable":true,"href":"https:\/\/salon-ela.de\/tr\/wp-json\/wp\/v2\/comments?post=129"}],"version-history":[{"count":0,"href":"https:\/\/salon-ela.de\/tr\/wp-json\/wp\/v2\/posts\/129\/revisions"}],"wp:featuredmedia":[{"embeddable":true,"href":"https:\/\/salon-ela.de\/tr\/wp-json\/wp\/v2\/media\/570"}],"wp:attachment":[{"href":"https:\/\/salon-ela.de\/tr\/wp-json\/wp\/v2\/media?parent=129"}],"wp:term":[{"taxonomy":"category","embeddable":true,"href":"https:\/\/salon-ela.de\/tr\/wp-json\/wp\/v2\/categories?post=129"},{"taxonomy":"post_tag","embeddable":true,"href":"https:\/\/salon-ela.de\/tr\/wp-json\/wp\/v2\/tags?post=129"}],"curies":[{"name":"wp","href":"https:\/\/api.w.org\/{rel}","templated":true}]}}