{"id":394,"date":"2025-03-16T00:59:45","date_gmt":"2025-03-15T21:59:45","guid":{"rendered":"https:\/\/salon-ela.orhandavidov.com\/?p=394"},"modified":"2025-06-01T23:19:21","modified_gmt":"2025-06-01T21:19:21","slug":"waschen-schneiden-foehnen-2","status":"publish","type":"post","link":"https:\/\/salon-ela.de\/tr\/waschen-schneiden-foehnen-2\/","title":{"rendered":"Y\u0131kay\u0131n, Kesin, F\u00f6nleyin"},"content":{"rendered":"<p><strong>Waschen, Schneiden, F\u00f6hnen: Die perfekte M\u00e4nnerfrisur<\/strong><\/p>\n\n\n\n<p>Eine gepflegte Frisur ist ein wesentlicher Bestandteil eines guten Erscheinungsbildes. Besonders bei M\u00e4nnern spielt der Friseurbesuch eine wichtige Rolle, um ein frisches und professionelles Aussehen zu gew\u00e4hrleisten. Der klassische Ablauf &#8222;Waschen, Schneiden, F\u00f6hnen&#8220; ist ein bew\u00e4hrtes Konzept, das nicht nur hygienische Vorteile bietet, sondern auch die Frisur optimal zur Geltung bringt.<\/p>\n\n\n\n<p><strong>Waschen \u2013 Die Grundlage einer guten Frisur<\/strong><\/p>\n\n\n\n<p>Das Haarewaschen ist der erste und wichtigste Schritt beim Friseurbesuch. Hier werden nicht nur Schmutz und Styling-R\u00fcckst\u00e4nde entfernt, sondern auch die Kopfhaut belebt und auf die nachfolgende Behandlung vorbereitet. Professionelle Friseure verwenden oft spezielle Shampoos, die auf den jeweiligen Haartyp abgestimmt sind \u2013 ob fettiges, trockenes oder normales Haar. Eine sanfte Kopfmassage beim Waschen sorgt f\u00fcr Entspannung und verbessert die Durchblutung der Kopfhaut.<\/p>\n\n\n\n<p><strong>Schneiden \u2013 Der perfekte Haarschnitt<\/strong><\/p>\n\n\n\n<p>Der Haarschnitt ist das Herzst\u00fcck des Friseurbesuchs. Ein erfahrener Friseur ber\u00e4t den Kunden hinsichtlich der passenden Frisur, die zur Gesichtsform, zum Haartyp und zum individuellen Stil passt. Ob klassischer Kurzhaarschnitt, moderne Fade-Cuts oder l\u00e4ngere Varianten \u2013 die M\u00f6glichkeiten sind vielf\u00e4ltig. Pr\u00e4zision und Technik spielen eine entscheidende Rolle, um ein harmonisches Gesamtbild zu schaffen.<\/p>\n\n\n\n<p><strong>F\u00f6hnen \u2013 Das perfekte Finish<\/strong><\/p>\n\n\n\n<p>Nach dem Schneiden folgt das F\u00f6hnen, um der Frisur den letzten Schliff zu verleihen. Dabei kann das Haar je nach Wunsch in Form gebracht, volumin\u00f6ser gestaltet oder gegl\u00e4ttet werden. Die richtige Technik und die Wahl der passenden Styling-Produkte sind dabei essenziell. Ein professioneller Friseur zeigt oft Tipps und Tricks, wie man die Frisur auch zuhause optimal stylen kann.<\/p>\n\n\n\n<p><strong>Fazit<\/strong><\/p>\n\n\n\n<p>Das Konzept &#8222;Waschen, Schneiden, F\u00f6hnen&#8220; ist ein bew\u00e4hrter Standard in jedem Friseursalon. Es sorgt nicht nur f\u00fcr ein gepflegtes Erscheinungsbild, sondern bietet auch ein angenehmes Verw\u00f6hnerlebnis. Ein regelm\u00e4\u00dfiger Besuch beim Friseur tr\u00e4gt ma\u00dfgeblich dazu bei, das eigene Aussehen zu optimieren und das Selbstbewusstsein zu st\u00e4rken.<\/p>","protected":false},"excerpt":{"rendered":"<p>20\u20ac<\/p>","protected":false},"author":1,"featured_media":499,"comment_status":"closed","ping_status":"closed","sticky":false,"template":"","format":"standard","meta":{"footnotes":""},"categories":[6],"tags":[],"class_list":["post-394","post","type-post","status-publish","format-standard","has-post-thumbnail","hentry","category-services-mens"],"acf":[],"yoast_head":"<!-- This site is optimized with the Yoast SEO plugin v26.4 - https:\/\/yoast.com\/wordpress\/plugins\/seo\/ -->\n<title>Waschen, Schneiden, F\u00f6hnen &#8211; Friseur Ela<\/title>\n<meta name=\"robots\" content=\"index, follow, max-snippet:-1, max-image-preview:large, max-video-preview:-1\" \/>\n<link rel=\"canonical\" href=\"https:\/\/salon-ela.de\/tr\/waschen-schneiden-foehnen-2\/\" \/>\n<meta property=\"og:locale\" content=\"tr_TR\" \/>\n<meta property=\"og:type\" content=\"article\" \/>\n<meta property=\"og:title\" content=\"Waschen, Schneiden, F\u00f6hnen &#8211; Friseur Ela\" \/>\n<meta property=\"og:description\" content=\"20\u20ac\" \/>\n<meta property=\"og:url\" content=\"https:\/\/salon-ela.de\/tr\/waschen-schneiden-foehnen-2\/\" \/>\n<meta property=\"og:site_name\" content=\"Friseur Ela\" \/>\n<meta property=\"article:publisher\" content=\"https:\/\/www.facebook.com\/profile.php?id=100066531817981\" \/>\n<meta property=\"article:published_time\" content=\"2025-03-15T21:59:45+00:00\" \/>\n<meta property=\"article:modified_time\" content=\"2025-06-01T21:19:21+00:00\" \/>\n<meta name=\"author\" content=\"salon-ela\" \/>\n<meta name=\"twitter:card\" content=\"summary_large_image\" \/>\n<meta name=\"twitter:creator\" content=\"@friseursalonela\" \/>\n<meta name=\"twitter:site\" content=\"@friseursalonela\" \/>\n<meta name=\"twitter:label1\" content=\"Yazan:\" \/>\n\t<meta name=\"twitter:data1\" content=\"salon-ela\" \/>\n\t<meta name=\"twitter:label2\" content=\"Tahmini okuma s\u00fcresi\" \/>\n\t<meta name=\"twitter:data2\" content=\"2 dakika\" \/>\n<script type=\"application\/ld+json\" class=\"yoast-schema-graph\">{\"@context\":\"https:\/\/schema.org\",\"@graph\":[{\"@type\":\"Article\",\"@id\":\"https:\/\/salon-ela.de\/waschen-schneiden-foehnen-2\/#article\",\"isPartOf\":{\"@id\":\"https:\/\/salon-ela.de\/waschen-schneiden-foehnen-2\/\"},\"author\":{\"name\":\"salon-ela\",\"@id\":\"https:\/\/salon-ela.de\/uk\/#\/schema\/person\/d6719e877bf41e9757bbfa732918a980\"},\"headline\":\"Waschen, Schneiden, F\u00f6hnen\",\"datePublished\":\"2025-03-15T21:59:45+00:00\",\"dateModified\":\"2025-06-01T21:19:21+00:00\",\"mainEntityOfPage\":{\"@id\":\"https:\/\/salon-ela.de\/waschen-schneiden-foehnen-2\/\"},\"wordCount\":320,\"publisher\":{\"@id\":\"https:\/\/salon-ela.de\/uk\/#organization\"},\"image\":{\"@id\":\"https:\/\/salon-ela.de\/waschen-schneiden-foehnen-2\/#primaryimage\"},\"thumbnailUrl\":\"https:\/\/salon-ela.de\/wp-content\/uploads\/2025\/03\/hairdresser-washing-the-hair-of-a-client-with-bubbles-shampoo-svgrepo-com-1.svg\",\"articleSection\":[\"Services Men's\"],\"inLanguage\":\"tr\"},{\"@type\":\"WebPage\",\"@id\":\"https:\/\/salon-ela.de\/waschen-schneiden-foehnen-2\/\",\"url\":\"https:\/\/salon-ela.de\/waschen-schneiden-foehnen-2\/\",\"name\":\"Waschen, Schneiden, F\u00f6hnen &#8211; Friseur Ela\",\"isPartOf\":{\"@id\":\"https:\/\/salon-ela.de\/uk\/#website\"},\"primaryImageOfPage\":{\"@id\":\"https:\/\/salon-ela.de\/waschen-schneiden-foehnen-2\/#primaryimage\"},\"image\":{\"@id\":\"https:\/\/salon-ela.de\/waschen-schneiden-foehnen-2\/#primaryimage\"},\"thumbnailUrl\":\"https:\/\/salon-ela.de\/wp-content\/uploads\/2025\/03\/hairdresser-washing-the-hair-of-a-client-with-bubbles-shampoo-svgrepo-com-1.svg\",\"datePublished\":\"2025-03-15T21:59:45+00:00\",\"dateModified\":\"2025-06-01T21:19:21+00:00\",\"breadcrumb\":{\"@id\":\"https:\/\/salon-ela.de\/waschen-schneiden-foehnen-2\/#breadcrumb\"},\"inLanguage\":\"tr\",\"potentialAction\":[{\"@type\":\"ReadAction\",\"target\":[\"https:\/\/salon-ela.de\/waschen-schneiden-foehnen-2\/\"]}]},{\"@type\":\"ImageObject\",\"inLanguage\":\"tr\",\"@id\":\"https:\/\/salon-ela.de\/waschen-schneiden-foehnen-2\/#primaryimage\",\"url\":\"https:\/\/salon-ela.de\/wp-content\/uploads\/2025\/03\/hairdresser-washing-the-hair-of-a-client-with-bubbles-shampoo-svgrepo-com-1.svg\",\"contentUrl\":\"https:\/\/salon-ela.de\/wp-content\/uploads\/2025\/03\/hairdresser-washing-the-hair-of-a-client-with-bubbles-shampoo-svgrepo-com-1.svg\",\"width\":31,\"height\":31},{\"@type\":\"BreadcrumbList\",\"@id\":\"https:\/\/salon-ela.de\/waschen-schneiden-foehnen-2\/#breadcrumb\",\"itemListElement\":[{\"@type\":\"ListItem\",\"position\":1,\"name\":\"Home\",\"item\":\"https:\/\/salon-ela.de\/uk\/\"},{\"@type\":\"ListItem\",\"position\":2,\"name\":\"Waschen, Schneiden, F\u00f6hnen\"}]},{\"@type\":\"WebSite\",\"@id\":\"https:\/\/salon-ela.de\/uk\/#website\",\"url\":\"https:\/\/salon-ela.de\/uk\/\",\"name\":\"Friseursalon Ela\",\"description\":\"Friseursalon Ela in Dortmund\",\"publisher\":{\"@id\":\"https:\/\/salon-ela.de\/uk\/#organization\"},\"potentialAction\":[{\"@type\":\"SearchAction\",\"target\":{\"@type\":\"EntryPoint\",\"urlTemplate\":\"https:\/\/salon-ela.de\/uk\/?s={search_term_string}\"},\"query-input\":{\"@type\":\"PropertyValueSpecification\",\"valueRequired\":true,\"valueName\":\"search_term_string\"}}],\"inLanguage\":\"tr\"},{\"@type\":\"Organization\",\"@id\":\"https:\/\/salon-ela.de\/uk\/#organization\",\"name\":\"Friseursalon Ela\",\"url\":\"https:\/\/salon-ela.de\/uk\/\",\"logo\":{\"@type\":\"ImageObject\",\"inLanguage\":\"tr\",\"@id\":\"https:\/\/salon-ela.de\/uk\/#\/schema\/logo\/image\/\",\"url\":\"https:\/\/salon-ela.de\/wp-content\/uploads\/2025\/02\/logoela.png\",\"contentUrl\":\"https:\/\/salon-ela.de\/wp-content\/uploads\/2025\/02\/logoela.png\",\"width\":60,\"height\":96,\"caption\":\"Friseursalon Ela\"},\"image\":{\"@id\":\"https:\/\/salon-ela.de\/uk\/#\/schema\/logo\/image\/\"},\"sameAs\":[\"https:\/\/www.facebook.com\/profile.php?id=100066531817981\",\"https:\/\/x.com\/friseursalonela\"]},{\"@type\":\"Person\",\"@id\":\"https:\/\/salon-ela.de\/uk\/#\/schema\/person\/d6719e877bf41e9757bbfa732918a980\",\"name\":\"salon-ela\",\"image\":{\"@type\":\"ImageObject\",\"inLanguage\":\"tr\",\"@id\":\"https:\/\/salon-ela.de\/uk\/#\/schema\/person\/image\/\",\"url\":\"https:\/\/secure.gravatar.com\/avatar\/74dce7f9ee1a15bceb8c52b8f25c92eab6cfe4dcef45c2ca9fa1b49d1a512f83?s=96&d=mm&r=g\",\"contentUrl\":\"https:\/\/secure.gravatar.com\/avatar\/74dce7f9ee1a15bceb8c52b8f25c92eab6cfe4dcef45c2ca9fa1b49d1a512f83?s=96&d=mm&r=g\",\"caption\":\"salon-ela\"},\"sameAs\":[\"http:\/\/salon-ela.orhandavidov.com\"],\"url\":\"https:\/\/salon-ela.de\/tr\/author\/salon-ela\/\"}]}<\/script>\n<!-- \/ Yoast SEO plugin. -->","yoast_head_json":{"title":"Waschen, Schneiden, F\u00f6hnen &#8211; Friseur Ela","robots":{"index":"index","follow":"follow","max-snippet":"max-snippet:-1","max-image-preview":"max-image-preview:large","max-video-preview":"max-video-preview:-1"},"canonical":"https:\/\/salon-ela.de\/tr\/waschen-schneiden-foehnen-2\/","og_locale":"tr_TR","og_type":"article","og_title":"Waschen, Schneiden, F\u00f6hnen &#8211; Friseur Ela","og_description":"20\u20ac","og_url":"https:\/\/salon-ela.de\/tr\/waschen-schneiden-foehnen-2\/","og_site_name":"Friseur Ela","article_publisher":"https:\/\/www.facebook.com\/profile.php?id=100066531817981","article_published_time":"2025-03-15T21:59:45+00:00","article_modified_time":"2025-06-01T21:19:21+00:00","author":"salon-ela","twitter_card":"summary_large_image","twitter_creator":"@friseursalonela","twitter_site":"@friseursalonela","twitter_misc":{"Yazan:":"salon-ela","Tahmini okuma s\u00fcresi":"2 dakika"},"schema":{"@context":"https:\/\/schema.org","@graph":[{"@type":"Article","@id":"https:\/\/salon-ela.de\/waschen-schneiden-foehnen-2\/#article","isPartOf":{"@id":"https:\/\/salon-ela.de\/waschen-schneiden-foehnen-2\/"},"author":{"name":"salon-ela","@id":"https:\/\/salon-ela.de\/uk\/#\/schema\/person\/d6719e877bf41e9757bbfa732918a980"},"headline":"Waschen, Schneiden, F\u00f6hnen","datePublished":"2025-03-15T21:59:45+00:00","dateModified":"2025-06-01T21:19:21+00:00","mainEntityOfPage":{"@id":"https:\/\/salon-ela.de\/waschen-schneiden-foehnen-2\/"},"wordCount":320,"publisher":{"@id":"https:\/\/salon-ela.de\/uk\/#organization"},"image":{"@id":"https:\/\/salon-ela.de\/waschen-schneiden-foehnen-2\/#primaryimage"},"thumbnailUrl":"https:\/\/salon-ela.de\/wp-content\/uploads\/2025\/03\/hairdresser-washing-the-hair-of-a-client-with-bubbles-shampoo-svgrepo-com-1.svg","articleSection":["Services Men's"],"inLanguage":"tr"},{"@type":"WebPage","@id":"https:\/\/salon-ela.de\/waschen-schneiden-foehnen-2\/","url":"https:\/\/salon-ela.de\/waschen-schneiden-foehnen-2\/","name":"Waschen, Schneiden, F\u00f6hnen &#8211; Friseur Ela","isPartOf":{"@id":"https:\/\/salon-ela.de\/uk\/#website"},"primaryImageOfPage":{"@id":"https:\/\/salon-ela.de\/waschen-schneiden-foehnen-2\/#primaryimage"},"image":{"@id":"https:\/\/salon-ela.de\/waschen-schneiden-foehnen-2\/#primaryimage"},"thumbnailUrl":"https:\/\/salon-ela.de\/wp-content\/uploads\/2025\/03\/hairdresser-washing-the-hair-of-a-client-with-bubbles-shampoo-svgrepo-com-1.svg","datePublished":"2025-03-15T21:59:45+00:00","dateModified":"2025-06-01T21:19:21+00:00","breadcrumb":{"@id":"https:\/\/salon-ela.de\/waschen-schneiden-foehnen-2\/#breadcrumb"},"inLanguage":"tr","potentialAction":[{"@type":"ReadAction","target":["https:\/\/salon-ela.de\/waschen-schneiden-foehnen-2\/"]}]},{"@type":"ImageObject","inLanguage":"tr","@id":"https:\/\/salon-ela.de\/waschen-schneiden-foehnen-2\/#primaryimage","url":"https:\/\/salon-ela.de\/wp-content\/uploads\/2025\/03\/hairdresser-washing-the-hair-of-a-client-with-bubbles-shampoo-svgrepo-com-1.svg","contentUrl":"https:\/\/salon-ela.de\/wp-content\/uploads\/2025\/03\/hairdresser-washing-the-hair-of-a-client-with-bubbles-shampoo-svgrepo-com-1.svg","width":31,"height":31},{"@type":"BreadcrumbList","@id":"https:\/\/salon-ela.de\/waschen-schneiden-foehnen-2\/#breadcrumb","itemListElement":[{"@type":"ListItem","position":1,"name":"Home","item":"https:\/\/salon-ela.de\/uk\/"},{"@type":"ListItem","position":2,"name":"Waschen, Schneiden, F\u00f6hnen"}]},{"@type":"WebSite","@id":"https:\/\/salon-ela.de\/uk\/#website","url":"https:\/\/salon-ela.de\/uk\/","name":"Friseursalon Ela","description":"Friseursalon Ela in Dortmund","publisher":{"@id":"https:\/\/salon-ela.de\/uk\/#organization"},"potentialAction":[{"@type":"SearchAction","target":{"@type":"EntryPoint","urlTemplate":"https:\/\/salon-ela.de\/uk\/?s={search_term_string}"},"query-input":{"@type":"PropertyValueSpecification","valueRequired":true,"valueName":"search_term_string"}}],"inLanguage":"tr"},{"@type":"Organization","@id":"https:\/\/salon-ela.de\/uk\/#organization","name":"Friseursalon Ela","url":"https:\/\/salon-ela.de\/uk\/","logo":{"@type":"ImageObject","inLanguage":"tr","@id":"https:\/\/salon-ela.de\/uk\/#\/schema\/logo\/image\/","url":"https:\/\/salon-ela.de\/wp-content\/uploads\/2025\/02\/logoela.png","contentUrl":"https:\/\/salon-ela.de\/wp-content\/uploads\/2025\/02\/logoela.png","width":60,"height":96,"caption":"Friseursalon Ela"},"image":{"@id":"https:\/\/salon-ela.de\/uk\/#\/schema\/logo\/image\/"},"sameAs":["https:\/\/www.facebook.com\/profile.php?id=100066531817981","https:\/\/x.com\/friseursalonela"]},{"@type":"Person","@id":"https:\/\/salon-ela.de\/uk\/#\/schema\/person\/d6719e877bf41e9757bbfa732918a980","name":"salon-ela","image":{"@type":"ImageObject","inLanguage":"tr","@id":"https:\/\/salon-ela.de\/uk\/#\/schema\/person\/image\/","url":"https:\/\/secure.gravatar.com\/avatar\/74dce7f9ee1a15bceb8c52b8f25c92eab6cfe4dcef45c2ca9fa1b49d1a512f83?s=96&d=mm&r=g","contentUrl":"https:\/\/secure.gravatar.com\/avatar\/74dce7f9ee1a15bceb8c52b8f25c92eab6cfe4dcef45c2ca9fa1b49d1a512f83?s=96&d=mm&r=g","caption":"salon-ela"},"sameAs":["http:\/\/salon-ela.orhandavidov.com"],"url":"https:\/\/salon-ela.de\/tr\/author\/salon-ela\/"}]}},"_links":{"self":[{"href":"https:\/\/salon-ela.de\/tr\/wp-json\/wp\/v2\/posts\/394","targetHints":{"allow":["GET"]}}],"collection":[{"href":"https:\/\/salon-ela.de\/tr\/wp-json\/wp\/v2\/posts"}],"about":[{"href":"https:\/\/salon-ela.de\/tr\/wp-json\/wp\/v2\/types\/post"}],"author":[{"embeddable":true,"href":"https:\/\/salon-ela.de\/tr\/wp-json\/wp\/v2\/users\/1"}],"replies":[{"embeddable":true,"href":"https:\/\/salon-ela.de\/tr\/wp-json\/wp\/v2\/comments?post=394"}],"version-history":[{"count":0,"href":"https:\/\/salon-ela.de\/tr\/wp-json\/wp\/v2\/posts\/394\/revisions"}],"wp:featuredmedia":[{"embeddable":true,"href":"https:\/\/salon-ela.de\/tr\/wp-json\/wp\/v2\/media\/499"}],"wp:attachment":[{"href":"https:\/\/salon-ela.de\/tr\/wp-json\/wp\/v2\/media?parent=394"}],"wp:term":[{"taxonomy":"category","embeddable":true,"href":"https:\/\/salon-ela.de\/tr\/wp-json\/wp\/v2\/categories?post=394"},{"taxonomy":"post_tag","embeddable":true,"href":"https:\/\/salon-ela.de\/tr\/wp-json\/wp\/v2\/tags?post=394"}],"curies":[{"name":"wp","href":"https:\/\/api.w.org\/{rel}","templated":true}]}}