{"id":396,"date":"2025-03-16T01:00:42","date_gmt":"2025-03-15T22:00:42","guid":{"rendered":"https:\/\/salon-ela.orhandavidov.com\/?p=396"},"modified":"2025-06-01T23:19:31","modified_gmt":"2025-06-01T21:19:31","slug":"maschinenschnitt","status":"publish","type":"post","link":"https:\/\/salon-ela.de\/tr\/maschinenschnitt\/","title":{"rendered":"Makine kesimi"},"content":{"rendered":"<p>Maschinenschnitt: Perfektion und Effizienz in der modernen Friseurkunst<\/p>\n\n\n\n<p>Der Maschinenschnitt ist eine der beliebtesten Techniken in der Friseurbranche. Diese Methode bietet nicht nur Pr\u00e4zision und Geschwindigkeit, sondern sorgt auch f\u00fcr einen gleichm\u00e4\u00dfigen und sauberen Look. In diesem Artikel erfahren Sie alles \u00fcber die Vorteile und Besonderheiten des Maschinenschnitts.<\/p>\n\n\n\n<p>Vorteile des Maschinenschnitts<\/p>\n\n\n\n<p>\u2705Schnelligkeit und EffizienzIm Vergleich zur klassischen Schere erm\u00f6glicht die Haarschneidemaschine ein deutlich schnelleres Arbeiten. Dadurch k\u00f6nnen Friseure mehr Kunden bedienen, ohne an Qualit\u00e4t einzub\u00fc\u00dfen.<\/p>\n\n\n\n<p>Pr\u00e4zise L\u00e4ngenanpassungDurch verschiedene Aufs\u00e4tze l\u00e4sst sich die Haarl\u00e4nge exakt bestimmen. Dies ist besonders vorteilhaft f\u00fcr Kurzhaarschnitte und \u00dcberg\u00e4nge.<\/p>\n\n\n\n<p>\u2705Sauberer und gleichm\u00e4\u00dfiger SchnittDie Maschine sorgt f\u00fcr eine gleichm\u00e4\u00dfige Haarl\u00e4nge und ein professionelles Erscheinungsbild. Besonders bei modernen Frisuren wie dem Fade-Cut oder Buzz-Cut ist der Maschinenschnitt unerl\u00e4sslich.<\/p>\n\n\n\n<p>F\u00fcr wen eignet sich der Maschinenschnitt?<\/p>\n\n\n\n<p>\u2705Der Maschinenschnitt eignet sich besonders f\u00fcr M\u00e4nner und Frauen mit kurzen bis mittellangen Haaren. Er ist ideal f\u00fcr sportliche, pflegeleichte Frisuren und trendige Looks. Auch f\u00fcr Personen, die Wert auf eine schnelle und unkomplizierte Pflege legen, ist diese Methode perfekt.<\/p>\n\n\n\n<p>Fazit<\/p>\n\n\n\n<p>Der Maschinenschnitt ist eine effiziente und pr\u00e4zise Technik, die in keiner modernen Friseurwerkstatt fehlen sollte. Durch seine Vielseitigkeit und Schnelligkeit ist er besonders bei Kurzhaarfrisuren beliebt. Lassen Sie sich von Ihrem Friseur beraten und entdecken Sie die Vorteile dieser modernen Schnitttechnik!<\/p>","protected":false},"excerpt":{"rendered":"<p>14\u20ac<\/p>","protected":false},"author":1,"featured_media":440,"comment_status":"closed","ping_status":"closed","sticky":false,"template":"","format":"standard","meta":{"footnotes":""},"categories":[6],"tags":[],"class_list":["post-396","post","type-post","status-publish","format-standard","has-post-thumbnail","hentry","category-services-mens"],"acf":[],"yoast_head":"<!-- This site is optimized with the Yoast SEO plugin v26.4 - https:\/\/yoast.com\/wordpress\/plugins\/seo\/ -->\n<title>Maschinenschnitt &#8211; Friseur Ela<\/title>\n<meta name=\"robots\" content=\"index, follow, max-snippet:-1, max-image-preview:large, max-video-preview:-1\" \/>\n<link rel=\"canonical\" href=\"https:\/\/salon-ela.de\/tr\/maschinenschnitt\/\" \/>\n<meta property=\"og:locale\" content=\"tr_TR\" \/>\n<meta property=\"og:type\" content=\"article\" \/>\n<meta property=\"og:title\" content=\"Maschinenschnitt &#8211; Friseur Ela\" \/>\n<meta property=\"og:description\" content=\"14\u20ac\" \/>\n<meta property=\"og:url\" content=\"https:\/\/salon-ela.de\/tr\/maschinenschnitt\/\" \/>\n<meta property=\"og:site_name\" content=\"Friseur Ela\" \/>\n<meta property=\"article:publisher\" content=\"https:\/\/www.facebook.com\/profile.php?id=100066531817981\" \/>\n<meta property=\"article:published_time\" content=\"2025-03-15T22:00:42+00:00\" \/>\n<meta property=\"article:modified_time\" content=\"2025-06-01T21:19:31+00:00\" \/>\n<meta name=\"author\" content=\"salon-ela\" \/>\n<meta name=\"twitter:card\" content=\"summary_large_image\" \/>\n<meta name=\"twitter:creator\" content=\"@friseursalonela\" \/>\n<meta name=\"twitter:site\" content=\"@friseursalonela\" \/>\n<meta name=\"twitter:label1\" content=\"Yazan:\" \/>\n\t<meta name=\"twitter:data1\" content=\"salon-ela\" \/>\n\t<meta name=\"twitter:label2\" content=\"Tahmini okuma s\u00fcresi\" \/>\n\t<meta name=\"twitter:data2\" content=\"2 dakika\" \/>\n<script type=\"application\/ld+json\" class=\"yoast-schema-graph\">{\"@context\":\"https:\/\/schema.org\",\"@graph\":[{\"@type\":\"Article\",\"@id\":\"https:\/\/salon-ela.de\/maschinenschnitt\/#article\",\"isPartOf\":{\"@id\":\"https:\/\/salon-ela.de\/maschinenschnitt\/\"},\"author\":{\"name\":\"salon-ela\",\"@id\":\"https:\/\/salon-ela.de\/uk\/#\/schema\/person\/d6719e877bf41e9757bbfa732918a980\"},\"headline\":\"Maschinenschnitt\",\"datePublished\":\"2025-03-15T22:00:42+00:00\",\"dateModified\":\"2025-06-01T21:19:31+00:00\",\"mainEntityOfPage\":{\"@id\":\"https:\/\/salon-ela.de\/maschinenschnitt\/\"},\"wordCount\":234,\"publisher\":{\"@id\":\"https:\/\/salon-ela.de\/uk\/#organization\"},\"image\":{\"@id\":\"https:\/\/salon-ela.de\/maschinenschnitt\/#primaryimage\"},\"thumbnailUrl\":\"https:\/\/salon-ela.de\/wp-content\/uploads\/2025\/03\/shaving-male-head-silhouette-svgrepo-com.svg\",\"articleSection\":[\"Services Men's\"],\"inLanguage\":\"tr\"},{\"@type\":\"WebPage\",\"@id\":\"https:\/\/salon-ela.de\/maschinenschnitt\/\",\"url\":\"https:\/\/salon-ela.de\/maschinenschnitt\/\",\"name\":\"Maschinenschnitt &#8211; Friseur Ela\",\"isPartOf\":{\"@id\":\"https:\/\/salon-ela.de\/uk\/#website\"},\"primaryImageOfPage\":{\"@id\":\"https:\/\/salon-ela.de\/maschinenschnitt\/#primaryimage\"},\"image\":{\"@id\":\"https:\/\/salon-ela.de\/maschinenschnitt\/#primaryimage\"},\"thumbnailUrl\":\"https:\/\/salon-ela.de\/wp-content\/uploads\/2025\/03\/shaving-male-head-silhouette-svgrepo-com.svg\",\"datePublished\":\"2025-03-15T22:00:42+00:00\",\"dateModified\":\"2025-06-01T21:19:31+00:00\",\"breadcrumb\":{\"@id\":\"https:\/\/salon-ela.de\/maschinenschnitt\/#breadcrumb\"},\"inLanguage\":\"tr\",\"potentialAction\":[{\"@type\":\"ReadAction\",\"target\":[\"https:\/\/salon-ela.de\/maschinenschnitt\/\"]}]},{\"@type\":\"ImageObject\",\"inLanguage\":\"tr\",\"@id\":\"https:\/\/salon-ela.de\/maschinenschnitt\/#primaryimage\",\"url\":\"https:\/\/salon-ela.de\/wp-content\/uploads\/2025\/03\/shaving-male-head-silhouette-svgrepo-com.svg\",\"contentUrl\":\"https:\/\/salon-ela.de\/wp-content\/uploads\/2025\/03\/shaving-male-head-silhouette-svgrepo-com.svg\",\"width\":31,\"height\":31},{\"@type\":\"BreadcrumbList\",\"@id\":\"https:\/\/salon-ela.de\/maschinenschnitt\/#breadcrumb\",\"itemListElement\":[{\"@type\":\"ListItem\",\"position\":1,\"name\":\"Home\",\"item\":\"https:\/\/salon-ela.de\/uk\/\"},{\"@type\":\"ListItem\",\"position\":2,\"name\":\"Maschinenschnitt\"}]},{\"@type\":\"WebSite\",\"@id\":\"https:\/\/salon-ela.de\/uk\/#website\",\"url\":\"https:\/\/salon-ela.de\/uk\/\",\"name\":\"Friseursalon Ela\",\"description\":\"Friseursalon Ela in Dortmund\",\"publisher\":{\"@id\":\"https:\/\/salon-ela.de\/uk\/#organization\"},\"potentialAction\":[{\"@type\":\"SearchAction\",\"target\":{\"@type\":\"EntryPoint\",\"urlTemplate\":\"https:\/\/salon-ela.de\/uk\/?s={search_term_string}\"},\"query-input\":{\"@type\":\"PropertyValueSpecification\",\"valueRequired\":true,\"valueName\":\"search_term_string\"}}],\"inLanguage\":\"tr\"},{\"@type\":\"Organization\",\"@id\":\"https:\/\/salon-ela.de\/uk\/#organization\",\"name\":\"Friseursalon Ela\",\"url\":\"https:\/\/salon-ela.de\/uk\/\",\"logo\":{\"@type\":\"ImageObject\",\"inLanguage\":\"tr\",\"@id\":\"https:\/\/salon-ela.de\/uk\/#\/schema\/logo\/image\/\",\"url\":\"https:\/\/salon-ela.de\/wp-content\/uploads\/2025\/02\/logoela.png\",\"contentUrl\":\"https:\/\/salon-ela.de\/wp-content\/uploads\/2025\/02\/logoela.png\",\"width\":60,\"height\":96,\"caption\":\"Friseursalon Ela\"},\"image\":{\"@id\":\"https:\/\/salon-ela.de\/uk\/#\/schema\/logo\/image\/\"},\"sameAs\":[\"https:\/\/www.facebook.com\/profile.php?id=100066531817981\",\"https:\/\/x.com\/friseursalonela\"]},{\"@type\":\"Person\",\"@id\":\"https:\/\/salon-ela.de\/uk\/#\/schema\/person\/d6719e877bf41e9757bbfa732918a980\",\"name\":\"salon-ela\",\"image\":{\"@type\":\"ImageObject\",\"inLanguage\":\"tr\",\"@id\":\"https:\/\/salon-ela.de\/uk\/#\/schema\/person\/image\/\",\"url\":\"https:\/\/secure.gravatar.com\/avatar\/74dce7f9ee1a15bceb8c52b8f25c92eab6cfe4dcef45c2ca9fa1b49d1a512f83?s=96&d=mm&r=g\",\"contentUrl\":\"https:\/\/secure.gravatar.com\/avatar\/74dce7f9ee1a15bceb8c52b8f25c92eab6cfe4dcef45c2ca9fa1b49d1a512f83?s=96&d=mm&r=g\",\"caption\":\"salon-ela\"},\"sameAs\":[\"http:\/\/salon-ela.orhandavidov.com\"],\"url\":\"https:\/\/salon-ela.de\/tr\/author\/salon-ela\/\"}]}<\/script>\n<!-- \/ Yoast SEO plugin. -->","yoast_head_json":{"title":"Maschinenschnitt &#8211; Friseur Ela","robots":{"index":"index","follow":"follow","max-snippet":"max-snippet:-1","max-image-preview":"max-image-preview:large","max-video-preview":"max-video-preview:-1"},"canonical":"https:\/\/salon-ela.de\/tr\/maschinenschnitt\/","og_locale":"tr_TR","og_type":"article","og_title":"Maschinenschnitt &#8211; Friseur Ela","og_description":"14\u20ac","og_url":"https:\/\/salon-ela.de\/tr\/maschinenschnitt\/","og_site_name":"Friseur Ela","article_publisher":"https:\/\/www.facebook.com\/profile.php?id=100066531817981","article_published_time":"2025-03-15T22:00:42+00:00","article_modified_time":"2025-06-01T21:19:31+00:00","author":"salon-ela","twitter_card":"summary_large_image","twitter_creator":"@friseursalonela","twitter_site":"@friseursalonela","twitter_misc":{"Yazan:":"salon-ela","Tahmini okuma s\u00fcresi":"2 dakika"},"schema":{"@context":"https:\/\/schema.org","@graph":[{"@type":"Article","@id":"https:\/\/salon-ela.de\/maschinenschnitt\/#article","isPartOf":{"@id":"https:\/\/salon-ela.de\/maschinenschnitt\/"},"author":{"name":"salon-ela","@id":"https:\/\/salon-ela.de\/uk\/#\/schema\/person\/d6719e877bf41e9757bbfa732918a980"},"headline":"Maschinenschnitt","datePublished":"2025-03-15T22:00:42+00:00","dateModified":"2025-06-01T21:19:31+00:00","mainEntityOfPage":{"@id":"https:\/\/salon-ela.de\/maschinenschnitt\/"},"wordCount":234,"publisher":{"@id":"https:\/\/salon-ela.de\/uk\/#organization"},"image":{"@id":"https:\/\/salon-ela.de\/maschinenschnitt\/#primaryimage"},"thumbnailUrl":"https:\/\/salon-ela.de\/wp-content\/uploads\/2025\/03\/shaving-male-head-silhouette-svgrepo-com.svg","articleSection":["Services Men's"],"inLanguage":"tr"},{"@type":"WebPage","@id":"https:\/\/salon-ela.de\/maschinenschnitt\/","url":"https:\/\/salon-ela.de\/maschinenschnitt\/","name":"Maschinenschnitt &#8211; Friseur Ela","isPartOf":{"@id":"https:\/\/salon-ela.de\/uk\/#website"},"primaryImageOfPage":{"@id":"https:\/\/salon-ela.de\/maschinenschnitt\/#primaryimage"},"image":{"@id":"https:\/\/salon-ela.de\/maschinenschnitt\/#primaryimage"},"thumbnailUrl":"https:\/\/salon-ela.de\/wp-content\/uploads\/2025\/03\/shaving-male-head-silhouette-svgrepo-com.svg","datePublished":"2025-03-15T22:00:42+00:00","dateModified":"2025-06-01T21:19:31+00:00","breadcrumb":{"@id":"https:\/\/salon-ela.de\/maschinenschnitt\/#breadcrumb"},"inLanguage":"tr","potentialAction":[{"@type":"ReadAction","target":["https:\/\/salon-ela.de\/maschinenschnitt\/"]}]},{"@type":"ImageObject","inLanguage":"tr","@id":"https:\/\/salon-ela.de\/maschinenschnitt\/#primaryimage","url":"https:\/\/salon-ela.de\/wp-content\/uploads\/2025\/03\/shaving-male-head-silhouette-svgrepo-com.svg","contentUrl":"https:\/\/salon-ela.de\/wp-content\/uploads\/2025\/03\/shaving-male-head-silhouette-svgrepo-com.svg","width":31,"height":31},{"@type":"BreadcrumbList","@id":"https:\/\/salon-ela.de\/maschinenschnitt\/#breadcrumb","itemListElement":[{"@type":"ListItem","position":1,"name":"Home","item":"https:\/\/salon-ela.de\/uk\/"},{"@type":"ListItem","position":2,"name":"Maschinenschnitt"}]},{"@type":"WebSite","@id":"https:\/\/salon-ela.de\/uk\/#website","url":"https:\/\/salon-ela.de\/uk\/","name":"Friseursalon Ela","description":"Friseursalon Ela in Dortmund","publisher":{"@id":"https:\/\/salon-ela.de\/uk\/#organization"},"potentialAction":[{"@type":"SearchAction","target":{"@type":"EntryPoint","urlTemplate":"https:\/\/salon-ela.de\/uk\/?s={search_term_string}"},"query-input":{"@type":"PropertyValueSpecification","valueRequired":true,"valueName":"search_term_string"}}],"inLanguage":"tr"},{"@type":"Organization","@id":"https:\/\/salon-ela.de\/uk\/#organization","name":"Friseursalon Ela","url":"https:\/\/salon-ela.de\/uk\/","logo":{"@type":"ImageObject","inLanguage":"tr","@id":"https:\/\/salon-ela.de\/uk\/#\/schema\/logo\/image\/","url":"https:\/\/salon-ela.de\/wp-content\/uploads\/2025\/02\/logoela.png","contentUrl":"https:\/\/salon-ela.de\/wp-content\/uploads\/2025\/02\/logoela.png","width":60,"height":96,"caption":"Friseursalon Ela"},"image":{"@id":"https:\/\/salon-ela.de\/uk\/#\/schema\/logo\/image\/"},"sameAs":["https:\/\/www.facebook.com\/profile.php?id=100066531817981","https:\/\/x.com\/friseursalonela"]},{"@type":"Person","@id":"https:\/\/salon-ela.de\/uk\/#\/schema\/person\/d6719e877bf41e9757bbfa732918a980","name":"salon-ela","image":{"@type":"ImageObject","inLanguage":"tr","@id":"https:\/\/salon-ela.de\/uk\/#\/schema\/person\/image\/","url":"https:\/\/secure.gravatar.com\/avatar\/74dce7f9ee1a15bceb8c52b8f25c92eab6cfe4dcef45c2ca9fa1b49d1a512f83?s=96&d=mm&r=g","contentUrl":"https:\/\/secure.gravatar.com\/avatar\/74dce7f9ee1a15bceb8c52b8f25c92eab6cfe4dcef45c2ca9fa1b49d1a512f83?s=96&d=mm&r=g","caption":"salon-ela"},"sameAs":["http:\/\/salon-ela.orhandavidov.com"],"url":"https:\/\/salon-ela.de\/tr\/author\/salon-ela\/"}]}},"_links":{"self":[{"href":"https:\/\/salon-ela.de\/tr\/wp-json\/wp\/v2\/posts\/396","targetHints":{"allow":["GET"]}}],"collection":[{"href":"https:\/\/salon-ela.de\/tr\/wp-json\/wp\/v2\/posts"}],"about":[{"href":"https:\/\/salon-ela.de\/tr\/wp-json\/wp\/v2\/types\/post"}],"author":[{"embeddable":true,"href":"https:\/\/salon-ela.de\/tr\/wp-json\/wp\/v2\/users\/1"}],"replies":[{"embeddable":true,"href":"https:\/\/salon-ela.de\/tr\/wp-json\/wp\/v2\/comments?post=396"}],"version-history":[{"count":0,"href":"https:\/\/salon-ela.de\/tr\/wp-json\/wp\/v2\/posts\/396\/revisions"}],"wp:featuredmedia":[{"embeddable":true,"href":"https:\/\/salon-ela.de\/tr\/wp-json\/wp\/v2\/media\/440"}],"wp:attachment":[{"href":"https:\/\/salon-ela.de\/tr\/wp-json\/wp\/v2\/media?parent=396"}],"wp:term":[{"taxonomy":"category","embeddable":true,"href":"https:\/\/salon-ela.de\/tr\/wp-json\/wp\/v2\/categories?post=396"},{"taxonomy":"post_tag","embeddable":true,"href":"https:\/\/salon-ela.de\/tr\/wp-json\/wp\/v2\/tags?post=396"}],"curies":[{"name":"wp","href":"https:\/\/api.w.org\/{rel}","templated":true}]}}