{"id":400,"date":"2025-03-16T01:02:22","date_gmt":"2025-03-15T22:02:22","guid":{"rendered":"https:\/\/salon-ela.orhandavidov.com\/?p=400"},"modified":"2025-10-01T11:54:30","modified_gmt":"2025-10-01T09:54:30","slug":"nassrasur","status":"publish","type":"post","link":"https:\/\/salon-ela.de\/tr\/nassrasur\/","title":{"rendered":"Islak t\u0131ra\u015f"},"content":{"rendered":"<p><strong>Die Kunst der Nassrasur: Perfekte Gl\u00e4tte und Pflege f\u00fcr Ihre Haut<\/strong><\/p>\n\n\n\n<p><strong>Warum Nassrasur?<\/strong><br>Die Nassrasur ist eine traditionelle Methode der Rasur, die f\u00fcr eine besonders gr\u00fcndliche und sanfte Rasur sorgt. Im Vergleich zur Trockenrasur hinterl\u00e4sst sie weniger Hautirritationen und sorgt f\u00fcr eine glatte, frische Haut.<\/p>\n\n\n\n<p><strong>Vorliebe f\u00fcr eine sanfte Rasur:<\/strong><\/p>\n\n\n\n<ul class=\"wp-block-list\">\n<li>Glattere Rasur \u2013 Die Klinge schneidet das Haar direkt an der Hautoberfl\u00e4che.<\/li>\n\n\n\n<li>Weniger Hautreizungen \u2013 Mit der richtigen Technik und hochwertigen Produkten bleibt die Haut geschmeidig.<\/li>\n\n\n\n<li>Pflege und Feuchtigkeit \u2013 Rasierschaum oder -gel sch\u00fctzt die Haut und spendet Feuchtigkeit.<\/li>\n<\/ul>\n\n\n\n<p><strong>Die richtige Technik f\u00fcr eine perfekte Nassrasur<\/strong><\/p>\n\n\n\n<ol class=\"wp-block-list\">\n<li>Haut vorbereiten: Reinigen Sie Ihr Gesicht mit warmem Wasser oder einem feuchten Handtuch, um die Poren zu \u00f6ffnen.<\/li>\n\n\n\n<li>Rasierschaum auftragen: Verwenden Sie einen hochwertigen Schaum oder ein Rasiergel, um die Haut zu sch\u00fctzen.<\/li>\n\n\n\n<li>Mit der Wuchsrichtung rasieren: Um Hautirritationen zu vermeiden, sollten Sie sanft in Haarwuchsrichtung rasieren.<\/li>\n\n\n\n<li>Klinge regelm\u00e4\u00dfig aussp\u00fclen: Eine saubere Klinge sorgt f\u00fcr eine pr\u00e4zisere Rasur.<\/li>\n\n\n\n<li>Nach der Rasur pflegen: Sp\u00fclen Sie Ihr Gesicht mit kaltem Wasser ab und tragen Sie eine beruhigende. Aftershave-Lotion auf.<\/li>\n<\/ol>\n\n\n\n<p><\/p>\n\n\n\n<p><strong>Welches Rasierwerkzeug ist das beste?<\/strong><\/p>\n\n\n\n<ul class=\"wp-block-list\">\n<li><strong>Rasiermesser:<\/strong> F\u00fcr Profis und Liebhaber der klassischen Rasur.<\/li>\n\n\n\n<li><strong>Sicherheitsrasierer:<\/strong> Eine perfekte Wahl f\u00fcr eine gr\u00fcndliche, aber sanfte Rasur.<\/li>\n\n\n\n<li><strong>Moderne Systemrasierer: <\/strong>Praktisch f\u00fcr den Alltag und einfach zu handhaben.<\/li>\n<\/ul>\n\n\n\n<p><br>Egal, f\u00fcr welche Methode Sie sich entscheiden \u2013 die Nassrasur sorgt f\u00fcr ein angenehmes Hautgef\u00fchl und ein gepflegtes Erscheinungsbild. Probieren Sie es aus und genie\u00dfen Sie die Frische einer perfekten Rasur!<\/p>","protected":false},"excerpt":{"rendered":"<p>13\u20ac<\/p>","protected":false},"author":1,"featured_media":442,"comment_status":"closed","ping_status":"closed","sticky":false,"template":"","format":"standard","meta":{"footnotes":""},"categories":[6],"tags":[],"class_list":["post-400","post","type-post","status-publish","format-standard","has-post-thumbnail","hentry","category-services-mens"],"acf":[],"yoast_head":"<!-- This site is optimized with the Yoast SEO plugin v26.4 - https:\/\/yoast.com\/wordpress\/plugins\/seo\/ -->\n<title>Nassrasur &#8211; Friseur Ela<\/title>\n<meta name=\"robots\" content=\"index, follow, max-snippet:-1, max-image-preview:large, max-video-preview:-1\" \/>\n<link rel=\"canonical\" href=\"https:\/\/salon-ela.de\/tr\/nassrasur\/\" \/>\n<meta property=\"og:locale\" content=\"tr_TR\" \/>\n<meta property=\"og:type\" content=\"article\" \/>\n<meta property=\"og:title\" content=\"Nassrasur &#8211; Friseur Ela\" \/>\n<meta property=\"og:description\" content=\"13\u20ac\" \/>\n<meta property=\"og:url\" content=\"https:\/\/salon-ela.de\/tr\/nassrasur\/\" \/>\n<meta property=\"og:site_name\" content=\"Friseur Ela\" \/>\n<meta property=\"article:publisher\" content=\"https:\/\/www.facebook.com\/profile.php?id=100066531817981\" \/>\n<meta property=\"article:published_time\" content=\"2025-03-15T22:02:22+00:00\" \/>\n<meta property=\"article:modified_time\" content=\"2025-10-01T09:54:30+00:00\" \/>\n<meta name=\"author\" content=\"salon-ela\" \/>\n<meta name=\"twitter:card\" content=\"summary_large_image\" \/>\n<meta name=\"twitter:creator\" content=\"@friseursalonela\" \/>\n<meta name=\"twitter:site\" content=\"@friseursalonela\" \/>\n<meta name=\"twitter:label1\" content=\"Yazan:\" \/>\n\t<meta name=\"twitter:data1\" content=\"salon-ela\" \/>\n\t<meta name=\"twitter:label2\" content=\"Tahmini okuma s\u00fcresi\" \/>\n\t<meta name=\"twitter:data2\" content=\"2 dakika\" \/>\n<script type=\"application\/ld+json\" class=\"yoast-schema-graph\">{\"@context\":\"https:\/\/schema.org\",\"@graph\":[{\"@type\":\"Article\",\"@id\":\"https:\/\/salon-ela.de\/nassrasur\/#article\",\"isPartOf\":{\"@id\":\"https:\/\/salon-ela.de\/nassrasur\/\"},\"author\":{\"name\":\"salon-ela\",\"@id\":\"https:\/\/salon-ela.de\/uk\/#\/schema\/person\/d6719e877bf41e9757bbfa732918a980\"},\"headline\":\"Nassrasur\",\"datePublished\":\"2025-03-15T22:02:22+00:00\",\"dateModified\":\"2025-10-01T09:54:30+00:00\",\"mainEntityOfPage\":{\"@id\":\"https:\/\/salon-ela.de\/nassrasur\/\"},\"wordCount\":258,\"publisher\":{\"@id\":\"https:\/\/salon-ela.de\/uk\/#organization\"},\"image\":{\"@id\":\"https:\/\/salon-ela.de\/nassrasur\/#primaryimage\"},\"thumbnailUrl\":\"https:\/\/salon-ela.de\/wp-content\/uploads\/2025\/03\/razor-hair-salon-tool-svgrepo-com.svg\",\"articleSection\":[\"Services Men's\"],\"inLanguage\":\"tr\"},{\"@type\":\"WebPage\",\"@id\":\"https:\/\/salon-ela.de\/nassrasur\/\",\"url\":\"https:\/\/salon-ela.de\/nassrasur\/\",\"name\":\"Nassrasur &#8211; Friseur Ela\",\"isPartOf\":{\"@id\":\"https:\/\/salon-ela.de\/uk\/#website\"},\"primaryImageOfPage\":{\"@id\":\"https:\/\/salon-ela.de\/nassrasur\/#primaryimage\"},\"image\":{\"@id\":\"https:\/\/salon-ela.de\/nassrasur\/#primaryimage\"},\"thumbnailUrl\":\"https:\/\/salon-ela.de\/wp-content\/uploads\/2025\/03\/razor-hair-salon-tool-svgrepo-com.svg\",\"datePublished\":\"2025-03-15T22:02:22+00:00\",\"dateModified\":\"2025-10-01T09:54:30+00:00\",\"breadcrumb\":{\"@id\":\"https:\/\/salon-ela.de\/nassrasur\/#breadcrumb\"},\"inLanguage\":\"tr\",\"potentialAction\":[{\"@type\":\"ReadAction\",\"target\":[\"https:\/\/salon-ela.de\/nassrasur\/\"]}]},{\"@type\":\"ImageObject\",\"inLanguage\":\"tr\",\"@id\":\"https:\/\/salon-ela.de\/nassrasur\/#primaryimage\",\"url\":\"https:\/\/salon-ela.de\/wp-content\/uploads\/2025\/03\/razor-hair-salon-tool-svgrepo-com.svg\",\"contentUrl\":\"https:\/\/salon-ela.de\/wp-content\/uploads\/2025\/03\/razor-hair-salon-tool-svgrepo-com.svg\",\"width\":378,\"height\":378},{\"@type\":\"BreadcrumbList\",\"@id\":\"https:\/\/salon-ela.de\/nassrasur\/#breadcrumb\",\"itemListElement\":[{\"@type\":\"ListItem\",\"position\":1,\"name\":\"Home\",\"item\":\"https:\/\/salon-ela.de\/uk\/\"},{\"@type\":\"ListItem\",\"position\":2,\"name\":\"Nassrasur\"}]},{\"@type\":\"WebSite\",\"@id\":\"https:\/\/salon-ela.de\/uk\/#website\",\"url\":\"https:\/\/salon-ela.de\/uk\/\",\"name\":\"Friseursalon Ela\",\"description\":\"Friseursalon Ela in Dortmund\",\"publisher\":{\"@id\":\"https:\/\/salon-ela.de\/uk\/#organization\"},\"potentialAction\":[{\"@type\":\"SearchAction\",\"target\":{\"@type\":\"EntryPoint\",\"urlTemplate\":\"https:\/\/salon-ela.de\/uk\/?s={search_term_string}\"},\"query-input\":{\"@type\":\"PropertyValueSpecification\",\"valueRequired\":true,\"valueName\":\"search_term_string\"}}],\"inLanguage\":\"tr\"},{\"@type\":\"Organization\",\"@id\":\"https:\/\/salon-ela.de\/uk\/#organization\",\"name\":\"Friseursalon Ela\",\"url\":\"https:\/\/salon-ela.de\/uk\/\",\"logo\":{\"@type\":\"ImageObject\",\"inLanguage\":\"tr\",\"@id\":\"https:\/\/salon-ela.de\/uk\/#\/schema\/logo\/image\/\",\"url\":\"https:\/\/salon-ela.de\/wp-content\/uploads\/2025\/02\/logoela.png\",\"contentUrl\":\"https:\/\/salon-ela.de\/wp-content\/uploads\/2025\/02\/logoela.png\",\"width\":60,\"height\":96,\"caption\":\"Friseursalon Ela\"},\"image\":{\"@id\":\"https:\/\/salon-ela.de\/uk\/#\/schema\/logo\/image\/\"},\"sameAs\":[\"https:\/\/www.facebook.com\/profile.php?id=100066531817981\",\"https:\/\/x.com\/friseursalonela\"]},{\"@type\":\"Person\",\"@id\":\"https:\/\/salon-ela.de\/uk\/#\/schema\/person\/d6719e877bf41e9757bbfa732918a980\",\"name\":\"salon-ela\",\"image\":{\"@type\":\"ImageObject\",\"inLanguage\":\"tr\",\"@id\":\"https:\/\/salon-ela.de\/uk\/#\/schema\/person\/image\/\",\"url\":\"https:\/\/secure.gravatar.com\/avatar\/74dce7f9ee1a15bceb8c52b8f25c92eab6cfe4dcef45c2ca9fa1b49d1a512f83?s=96&d=mm&r=g\",\"contentUrl\":\"https:\/\/secure.gravatar.com\/avatar\/74dce7f9ee1a15bceb8c52b8f25c92eab6cfe4dcef45c2ca9fa1b49d1a512f83?s=96&d=mm&r=g\",\"caption\":\"salon-ela\"},\"sameAs\":[\"http:\/\/salon-ela.orhandavidov.com\"],\"url\":\"https:\/\/salon-ela.de\/tr\/author\/salon-ela\/\"}]}<\/script>\n<!-- \/ Yoast SEO plugin. -->","yoast_head_json":{"title":"Nassrasur &#8211; Friseur Ela","robots":{"index":"index","follow":"follow","max-snippet":"max-snippet:-1","max-image-preview":"max-image-preview:large","max-video-preview":"max-video-preview:-1"},"canonical":"https:\/\/salon-ela.de\/tr\/nassrasur\/","og_locale":"tr_TR","og_type":"article","og_title":"Nassrasur &#8211; Friseur Ela","og_description":"13\u20ac","og_url":"https:\/\/salon-ela.de\/tr\/nassrasur\/","og_site_name":"Friseur Ela","article_publisher":"https:\/\/www.facebook.com\/profile.php?id=100066531817981","article_published_time":"2025-03-15T22:02:22+00:00","article_modified_time":"2025-10-01T09:54:30+00:00","author":"salon-ela","twitter_card":"summary_large_image","twitter_creator":"@friseursalonela","twitter_site":"@friseursalonela","twitter_misc":{"Yazan:":"salon-ela","Tahmini okuma s\u00fcresi":"2 dakika"},"schema":{"@context":"https:\/\/schema.org","@graph":[{"@type":"Article","@id":"https:\/\/salon-ela.de\/nassrasur\/#article","isPartOf":{"@id":"https:\/\/salon-ela.de\/nassrasur\/"},"author":{"name":"salon-ela","@id":"https:\/\/salon-ela.de\/uk\/#\/schema\/person\/d6719e877bf41e9757bbfa732918a980"},"headline":"Nassrasur","datePublished":"2025-03-15T22:02:22+00:00","dateModified":"2025-10-01T09:54:30+00:00","mainEntityOfPage":{"@id":"https:\/\/salon-ela.de\/nassrasur\/"},"wordCount":258,"publisher":{"@id":"https:\/\/salon-ela.de\/uk\/#organization"},"image":{"@id":"https:\/\/salon-ela.de\/nassrasur\/#primaryimage"},"thumbnailUrl":"https:\/\/salon-ela.de\/wp-content\/uploads\/2025\/03\/razor-hair-salon-tool-svgrepo-com.svg","articleSection":["Services Men's"],"inLanguage":"tr"},{"@type":"WebPage","@id":"https:\/\/salon-ela.de\/nassrasur\/","url":"https:\/\/salon-ela.de\/nassrasur\/","name":"Nassrasur &#8211; Friseur Ela","isPartOf":{"@id":"https:\/\/salon-ela.de\/uk\/#website"},"primaryImageOfPage":{"@id":"https:\/\/salon-ela.de\/nassrasur\/#primaryimage"},"image":{"@id":"https:\/\/salon-ela.de\/nassrasur\/#primaryimage"},"thumbnailUrl":"https:\/\/salon-ela.de\/wp-content\/uploads\/2025\/03\/razor-hair-salon-tool-svgrepo-com.svg","datePublished":"2025-03-15T22:02:22+00:00","dateModified":"2025-10-01T09:54:30+00:00","breadcrumb":{"@id":"https:\/\/salon-ela.de\/nassrasur\/#breadcrumb"},"inLanguage":"tr","potentialAction":[{"@type":"ReadAction","target":["https:\/\/salon-ela.de\/nassrasur\/"]}]},{"@type":"ImageObject","inLanguage":"tr","@id":"https:\/\/salon-ela.de\/nassrasur\/#primaryimage","url":"https:\/\/salon-ela.de\/wp-content\/uploads\/2025\/03\/razor-hair-salon-tool-svgrepo-com.svg","contentUrl":"https:\/\/salon-ela.de\/wp-content\/uploads\/2025\/03\/razor-hair-salon-tool-svgrepo-com.svg","width":378,"height":378},{"@type":"BreadcrumbList","@id":"https:\/\/salon-ela.de\/nassrasur\/#breadcrumb","itemListElement":[{"@type":"ListItem","position":1,"name":"Home","item":"https:\/\/salon-ela.de\/uk\/"},{"@type":"ListItem","position":2,"name":"Nassrasur"}]},{"@type":"WebSite","@id":"https:\/\/salon-ela.de\/uk\/#website","url":"https:\/\/salon-ela.de\/uk\/","name":"Friseursalon Ela","description":"Friseursalon Ela in Dortmund","publisher":{"@id":"https:\/\/salon-ela.de\/uk\/#organization"},"potentialAction":[{"@type":"SearchAction","target":{"@type":"EntryPoint","urlTemplate":"https:\/\/salon-ela.de\/uk\/?s={search_term_string}"},"query-input":{"@type":"PropertyValueSpecification","valueRequired":true,"valueName":"search_term_string"}}],"inLanguage":"tr"},{"@type":"Organization","@id":"https:\/\/salon-ela.de\/uk\/#organization","name":"Friseursalon Ela","url":"https:\/\/salon-ela.de\/uk\/","logo":{"@type":"ImageObject","inLanguage":"tr","@id":"https:\/\/salon-ela.de\/uk\/#\/schema\/logo\/image\/","url":"https:\/\/salon-ela.de\/wp-content\/uploads\/2025\/02\/logoela.png","contentUrl":"https:\/\/salon-ela.de\/wp-content\/uploads\/2025\/02\/logoela.png","width":60,"height":96,"caption":"Friseursalon Ela"},"image":{"@id":"https:\/\/salon-ela.de\/uk\/#\/schema\/logo\/image\/"},"sameAs":["https:\/\/www.facebook.com\/profile.php?id=100066531817981","https:\/\/x.com\/friseursalonela"]},{"@type":"Person","@id":"https:\/\/salon-ela.de\/uk\/#\/schema\/person\/d6719e877bf41e9757bbfa732918a980","name":"salon-ela","image":{"@type":"ImageObject","inLanguage":"tr","@id":"https:\/\/salon-ela.de\/uk\/#\/schema\/person\/image\/","url":"https:\/\/secure.gravatar.com\/avatar\/74dce7f9ee1a15bceb8c52b8f25c92eab6cfe4dcef45c2ca9fa1b49d1a512f83?s=96&d=mm&r=g","contentUrl":"https:\/\/secure.gravatar.com\/avatar\/74dce7f9ee1a15bceb8c52b8f25c92eab6cfe4dcef45c2ca9fa1b49d1a512f83?s=96&d=mm&r=g","caption":"salon-ela"},"sameAs":["http:\/\/salon-ela.orhandavidov.com"],"url":"https:\/\/salon-ela.de\/tr\/author\/salon-ela\/"}]}},"_links":{"self":[{"href":"https:\/\/salon-ela.de\/tr\/wp-json\/wp\/v2\/posts\/400","targetHints":{"allow":["GET"]}}],"collection":[{"href":"https:\/\/salon-ela.de\/tr\/wp-json\/wp\/v2\/posts"}],"about":[{"href":"https:\/\/salon-ela.de\/tr\/wp-json\/wp\/v2\/types\/post"}],"author":[{"embeddable":true,"href":"https:\/\/salon-ela.de\/tr\/wp-json\/wp\/v2\/users\/1"}],"replies":[{"embeddable":true,"href":"https:\/\/salon-ela.de\/tr\/wp-json\/wp\/v2\/comments?post=400"}],"version-history":[{"count":0,"href":"https:\/\/salon-ela.de\/tr\/wp-json\/wp\/v2\/posts\/400\/revisions"}],"wp:featuredmedia":[{"embeddable":true,"href":"https:\/\/salon-ela.de\/tr\/wp-json\/wp\/v2\/media\/442"}],"wp:attachment":[{"href":"https:\/\/salon-ela.de\/tr\/wp-json\/wp\/v2\/media?parent=400"}],"wp:term":[{"taxonomy":"category","embeddable":true,"href":"https:\/\/salon-ela.de\/tr\/wp-json\/wp\/v2\/categories?post=400"},{"taxonomy":"post_tag","embeddable":true,"href":"https:\/\/salon-ela.de\/tr\/wp-json\/wp\/v2\/tags?post=400"}],"curies":[{"name":"wp","href":"https:\/\/api.w.org\/{rel}","templated":true}]}}