{"id":476,"date":"2025-03-18T00:06:42","date_gmt":"2025-03-17T21:06:42","guid":{"rendered":"https:\/\/salon-ela.orhandavidov.com\/?p=476"},"modified":"2025-06-01T23:25:54","modified_gmt":"2025-06-01T21:25:54","slug":"der-friseursalon-mehr-als-nur-ein-haarschnitt","status":"publish","type":"post","link":"https:\/\/salon-ela.de\/tr\/der-friseursalon-mehr-als-nur-ein-haarschnitt\/","title":{"rendered":"Kuaf\u00f6r salonu - bir sa\u00e7 kesiminden daha fazlas\u0131"},"content":{"rendered":"<figure class=\"wp-block-image size-large\"><img loading=\"lazy\" decoding=\"async\" width=\"1024\" height=\"580\" src=\"https:\/\/salon-ela.de\/\/wp-content\/uploads\/2025\/03\/Unbenannt-1024x580.webp\" alt=\"\" class=\"wp-image-491\" srcset=\"https:\/\/salon-ela.de\/wp-content\/uploads\/2025\/03\/Unbenannt-1024x580.webp 1024w, https:\/\/salon-ela.de\/wp-content\/uploads\/2025\/03\/Unbenannt-300x170.webp 300w, https:\/\/salon-ela.de\/wp-content\/uploads\/2025\/03\/Unbenannt-768x435.webp 768w, https:\/\/salon-ela.de\/wp-content\/uploads\/2025\/03\/Unbenannt-1536x870.webp 1536w, https:\/\/salon-ela.de\/wp-content\/uploads\/2025\/03\/Unbenannt-18x10.webp 18w, https:\/\/salon-ela.de\/wp-content\/uploads\/2025\/03\/Unbenannt.webp 1710w\" sizes=\"auto, (max-width: 1024px) 100vw, 1024px\" \/><\/figure>\n\n\n\n<p>Ein Friseursalon ist ein Ort, an dem Menschen nicht nur ihre Haare schneiden lassen, sondern auch eine kleine Auszeit vom Alltag genie\u00dfen k\u00f6nnen. Moderne Friseursalons bieten eine Vielzahl von Dienstleistungen an, darunter Haarstyling, F\u00e4rben, Pflege und sogar Wellness-Behandlungen.<\/p>","protected":false},"excerpt":{"rendered":"<p>Kuaf\u00f6r salonu, insanlar\u0131n sadece sa\u00e7lar\u0131n\u0131 kestirebilecekleri de\u011fil, ayn\u0131 zamanda g\u00fcnl\u00fck ya\u015famdan biraz uzakla\u015fabilecekleri bir yerdir.<\/p>","protected":false},"author":1,"featured_media":132,"comment_status":"closed","ping_status":"closed","sticky":false,"template":"","format":"standard","meta":{"footnotes":""},"categories":[10],"tags":[],"class_list":["post-476","post","type-post","status-publish","format-standard","has-post-thumbnail","hentry","category-blog"],"acf":[],"yoast_head":"<!-- This site is optimized with the Yoast SEO plugin v26.4 - https:\/\/yoast.com\/wordpress\/plugins\/seo\/ -->\n<title>Der Friseursalon \u2013 Mehr als nur ein Haarschnitt &#8211; Friseur Ela<\/title>\n<meta name=\"description\" content=\"Ein Friseursalon ist ein Ort, an dem Menschen nicht nur ihre Haare schneiden lassen, sondern auch eine kleine Auszeit vom Alltag...\" \/>\n<meta name=\"robots\" content=\"index, follow, max-snippet:-1, max-image-preview:large, max-video-preview:-1\" \/>\n<link rel=\"canonical\" href=\"https:\/\/salon-ela.de\/tr\/der-friseursalon-mehr-als-nur-ein-haarschnitt\/\" \/>\n<meta property=\"og:locale\" content=\"tr_TR\" \/>\n<meta property=\"og:type\" content=\"article\" \/>\n<meta property=\"og:title\" content=\"Der Friseursalon \u2013 Mehr als nur ein Haarschnitt &#8211; Friseur Ela\" \/>\n<meta property=\"og:description\" content=\"Ein Friseursalon ist ein Ort, an dem Menschen nicht nur ihre Haare schneiden lassen, sondern auch eine kleine Auszeit vom Alltag...\" \/>\n<meta property=\"og:url\" content=\"https:\/\/salon-ela.de\/tr\/der-friseursalon-mehr-als-nur-ein-haarschnitt\/\" \/>\n<meta property=\"og:site_name\" content=\"Friseur Ela\" \/>\n<meta property=\"article:publisher\" content=\"https:\/\/www.facebook.com\/profile.php?id=100066531817981\" \/>\n<meta property=\"article:published_time\" content=\"2025-03-17T21:06:42+00:00\" \/>\n<meta property=\"article:modified_time\" content=\"2025-06-01T21:25:54+00:00\" \/>\n<meta property=\"og:image\" content=\"https:\/\/salon-ela.de\/wp-content\/uploads\/2025\/02\/salon-ela-location.jpg\" \/>\n\t<meta property=\"og:image:width\" content=\"768\" \/>\n\t<meta property=\"og:image:height\" content=\"510\" \/>\n\t<meta property=\"og:image:type\" content=\"image\/jpeg\" \/>\n<meta name=\"author\" content=\"salon-ela\" \/>\n<meta name=\"twitter:card\" content=\"summary_large_image\" \/>\n<meta name=\"twitter:creator\" content=\"@friseursalonela\" \/>\n<meta name=\"twitter:site\" content=\"@friseursalonela\" \/>\n<meta name=\"twitter:label1\" content=\"Yazan:\" \/>\n\t<meta name=\"twitter:data1\" content=\"salon-ela\" \/>\n\t<meta name=\"twitter:label2\" content=\"Tahmini okuma s\u00fcresi\" \/>\n\t<meta name=\"twitter:data2\" content=\"1 dakika\" \/>\n<script type=\"application\/ld+json\" class=\"yoast-schema-graph\">{\"@context\":\"https:\/\/schema.org\",\"@graph\":[{\"@type\":\"Article\",\"@id\":\"https:\/\/salon-ela.de\/der-friseursalon-mehr-als-nur-ein-haarschnitt\/#article\",\"isPartOf\":{\"@id\":\"https:\/\/salon-ela.de\/der-friseursalon-mehr-als-nur-ein-haarschnitt\/\"},\"author\":{\"name\":\"salon-ela\",\"@id\":\"https:\/\/salon-ela.de\/uk\/#\/schema\/person\/d6719e877bf41e9757bbfa732918a980\"},\"headline\":\"Der Friseursalon \u2013 Mehr als nur ein Haarschnitt\",\"datePublished\":\"2025-03-17T21:06:42+00:00\",\"dateModified\":\"2025-06-01T21:25:54+00:00\",\"mainEntityOfPage\":{\"@id\":\"https:\/\/salon-ela.de\/der-friseursalon-mehr-als-nur-ein-haarschnitt\/\"},\"wordCount\":48,\"publisher\":{\"@id\":\"https:\/\/salon-ela.de\/uk\/#organization\"},\"image\":{\"@id\":\"https:\/\/salon-ela.de\/der-friseursalon-mehr-als-nur-ein-haarschnitt\/#primaryimage\"},\"thumbnailUrl\":\"https:\/\/salon-ela.de\/wp-content\/uploads\/2025\/02\/salon-ela-location.jpg\",\"articleSection\":[\"Blog\"],\"inLanguage\":\"tr\"},{\"@type\":\"WebPage\",\"@id\":\"https:\/\/salon-ela.de\/der-friseursalon-mehr-als-nur-ein-haarschnitt\/\",\"url\":\"https:\/\/salon-ela.de\/der-friseursalon-mehr-als-nur-ein-haarschnitt\/\",\"name\":\"Der Friseursalon \u2013 Mehr als nur ein Haarschnitt &#8211; Friseur Ela\",\"isPartOf\":{\"@id\":\"https:\/\/salon-ela.de\/uk\/#website\"},\"primaryImageOfPage\":{\"@id\":\"https:\/\/salon-ela.de\/der-friseursalon-mehr-als-nur-ein-haarschnitt\/#primaryimage\"},\"image\":{\"@id\":\"https:\/\/salon-ela.de\/der-friseursalon-mehr-als-nur-ein-haarschnitt\/#primaryimage\"},\"thumbnailUrl\":\"https:\/\/salon-ela.de\/wp-content\/uploads\/2025\/02\/salon-ela-location.jpg\",\"datePublished\":\"2025-03-17T21:06:42+00:00\",\"dateModified\":\"2025-06-01T21:25:54+00:00\",\"description\":\"Ein Friseursalon ist ein Ort, an dem Menschen nicht nur ihre Haare schneiden lassen, sondern auch eine kleine Auszeit vom Alltag...\",\"breadcrumb\":{\"@id\":\"https:\/\/salon-ela.de\/der-friseursalon-mehr-als-nur-ein-haarschnitt\/#breadcrumb\"},\"inLanguage\":\"tr\",\"potentialAction\":[{\"@type\":\"ReadAction\",\"target\":[\"https:\/\/salon-ela.de\/der-friseursalon-mehr-als-nur-ein-haarschnitt\/\"]}]},{\"@type\":\"ImageObject\",\"inLanguage\":\"tr\",\"@id\":\"https:\/\/salon-ela.de\/der-friseursalon-mehr-als-nur-ein-haarschnitt\/#primaryimage\",\"url\":\"https:\/\/salon-ela.de\/wp-content\/uploads\/2025\/02\/salon-ela-location.jpg\",\"contentUrl\":\"https:\/\/salon-ela.de\/wp-content\/uploads\/2025\/02\/salon-ela-location.jpg\",\"width\":768,\"height\":510},{\"@type\":\"BreadcrumbList\",\"@id\":\"https:\/\/salon-ela.de\/der-friseursalon-mehr-als-nur-ein-haarschnitt\/#breadcrumb\",\"itemListElement\":[{\"@type\":\"ListItem\",\"position\":1,\"name\":\"Home\",\"item\":\"https:\/\/salon-ela.de\/uk\/\"},{\"@type\":\"ListItem\",\"position\":2,\"name\":\"Der Friseursalon \u2013 Mehr als nur ein Haarschnitt\"}]},{\"@type\":\"WebSite\",\"@id\":\"https:\/\/salon-ela.de\/uk\/#website\",\"url\":\"https:\/\/salon-ela.de\/uk\/\",\"name\":\"Friseursalon Ela\",\"description\":\"Friseursalon Ela in Dortmund\",\"publisher\":{\"@id\":\"https:\/\/salon-ela.de\/uk\/#organization\"},\"potentialAction\":[{\"@type\":\"SearchAction\",\"target\":{\"@type\":\"EntryPoint\",\"urlTemplate\":\"https:\/\/salon-ela.de\/uk\/?s={search_term_string}\"},\"query-input\":{\"@type\":\"PropertyValueSpecification\",\"valueRequired\":true,\"valueName\":\"search_term_string\"}}],\"inLanguage\":\"tr\"},{\"@type\":\"Organization\",\"@id\":\"https:\/\/salon-ela.de\/uk\/#organization\",\"name\":\"Friseursalon Ela\",\"url\":\"https:\/\/salon-ela.de\/uk\/\",\"logo\":{\"@type\":\"ImageObject\",\"inLanguage\":\"tr\",\"@id\":\"https:\/\/salon-ela.de\/uk\/#\/schema\/logo\/image\/\",\"url\":\"https:\/\/salon-ela.de\/wp-content\/uploads\/2025\/02\/logoela.png\",\"contentUrl\":\"https:\/\/salon-ela.de\/wp-content\/uploads\/2025\/02\/logoela.png\",\"width\":60,\"height\":96,\"caption\":\"Friseursalon Ela\"},\"image\":{\"@id\":\"https:\/\/salon-ela.de\/uk\/#\/schema\/logo\/image\/\"},\"sameAs\":[\"https:\/\/www.facebook.com\/profile.php?id=100066531817981\",\"https:\/\/x.com\/friseursalonela\"]},{\"@type\":\"Person\",\"@id\":\"https:\/\/salon-ela.de\/uk\/#\/schema\/person\/d6719e877bf41e9757bbfa732918a980\",\"name\":\"salon-ela\",\"image\":{\"@type\":\"ImageObject\",\"inLanguage\":\"tr\",\"@id\":\"https:\/\/salon-ela.de\/uk\/#\/schema\/person\/image\/\",\"url\":\"https:\/\/secure.gravatar.com\/avatar\/74dce7f9ee1a15bceb8c52b8f25c92eab6cfe4dcef45c2ca9fa1b49d1a512f83?s=96&d=mm&r=g\",\"contentUrl\":\"https:\/\/secure.gravatar.com\/avatar\/74dce7f9ee1a15bceb8c52b8f25c92eab6cfe4dcef45c2ca9fa1b49d1a512f83?s=96&d=mm&r=g\",\"caption\":\"salon-ela\"},\"sameAs\":[\"http:\/\/salon-ela.orhandavidov.com\"],\"url\":\"https:\/\/salon-ela.de\/tr\/author\/salon-ela\/\"}]}<\/script>\n<!-- \/ Yoast SEO plugin. -->","yoast_head_json":{"title":"Der Friseursalon \u2013 Mehr als nur ein Haarschnitt &#8211; Friseur Ela","description":"Ein Friseursalon ist ein Ort, an dem Menschen nicht nur ihre Haare schneiden lassen, sondern auch eine kleine Auszeit vom Alltag...","robots":{"index":"index","follow":"follow","max-snippet":"max-snippet:-1","max-image-preview":"max-image-preview:large","max-video-preview":"max-video-preview:-1"},"canonical":"https:\/\/salon-ela.de\/tr\/der-friseursalon-mehr-als-nur-ein-haarschnitt\/","og_locale":"tr_TR","og_type":"article","og_title":"Der Friseursalon \u2013 Mehr als nur ein Haarschnitt &#8211; Friseur Ela","og_description":"Ein Friseursalon ist ein Ort, an dem Menschen nicht nur ihre Haare schneiden lassen, sondern auch eine kleine Auszeit vom Alltag...","og_url":"https:\/\/salon-ela.de\/tr\/der-friseursalon-mehr-als-nur-ein-haarschnitt\/","og_site_name":"Friseur Ela","article_publisher":"https:\/\/www.facebook.com\/profile.php?id=100066531817981","article_published_time":"2025-03-17T21:06:42+00:00","article_modified_time":"2025-06-01T21:25:54+00:00","og_image":[{"width":768,"height":510,"url":"https:\/\/salon-ela.de\/wp-content\/uploads\/2025\/02\/salon-ela-location.jpg","type":"image\/jpeg"}],"author":"salon-ela","twitter_card":"summary_large_image","twitter_creator":"@friseursalonela","twitter_site":"@friseursalonela","twitter_misc":{"Yazan:":"salon-ela","Tahmini okuma s\u00fcresi":"1 dakika"},"schema":{"@context":"https:\/\/schema.org","@graph":[{"@type":"Article","@id":"https:\/\/salon-ela.de\/der-friseursalon-mehr-als-nur-ein-haarschnitt\/#article","isPartOf":{"@id":"https:\/\/salon-ela.de\/der-friseursalon-mehr-als-nur-ein-haarschnitt\/"},"author":{"name":"salon-ela","@id":"https:\/\/salon-ela.de\/uk\/#\/schema\/person\/d6719e877bf41e9757bbfa732918a980"},"headline":"Der Friseursalon \u2013 Mehr als nur ein Haarschnitt","datePublished":"2025-03-17T21:06:42+00:00","dateModified":"2025-06-01T21:25:54+00:00","mainEntityOfPage":{"@id":"https:\/\/salon-ela.de\/der-friseursalon-mehr-als-nur-ein-haarschnitt\/"},"wordCount":48,"publisher":{"@id":"https:\/\/salon-ela.de\/uk\/#organization"},"image":{"@id":"https:\/\/salon-ela.de\/der-friseursalon-mehr-als-nur-ein-haarschnitt\/#primaryimage"},"thumbnailUrl":"https:\/\/salon-ela.de\/wp-content\/uploads\/2025\/02\/salon-ela-location.jpg","articleSection":["Blog"],"inLanguage":"tr"},{"@type":"WebPage","@id":"https:\/\/salon-ela.de\/der-friseursalon-mehr-als-nur-ein-haarschnitt\/","url":"https:\/\/salon-ela.de\/der-friseursalon-mehr-als-nur-ein-haarschnitt\/","name":"Der Friseursalon \u2013 Mehr als nur ein Haarschnitt &#8211; Friseur Ela","isPartOf":{"@id":"https:\/\/salon-ela.de\/uk\/#website"},"primaryImageOfPage":{"@id":"https:\/\/salon-ela.de\/der-friseursalon-mehr-als-nur-ein-haarschnitt\/#primaryimage"},"image":{"@id":"https:\/\/salon-ela.de\/der-friseursalon-mehr-als-nur-ein-haarschnitt\/#primaryimage"},"thumbnailUrl":"https:\/\/salon-ela.de\/wp-content\/uploads\/2025\/02\/salon-ela-location.jpg","datePublished":"2025-03-17T21:06:42+00:00","dateModified":"2025-06-01T21:25:54+00:00","description":"Ein Friseursalon ist ein Ort, an dem Menschen nicht nur ihre Haare schneiden lassen, sondern auch eine kleine Auszeit vom Alltag...","breadcrumb":{"@id":"https:\/\/salon-ela.de\/der-friseursalon-mehr-als-nur-ein-haarschnitt\/#breadcrumb"},"inLanguage":"tr","potentialAction":[{"@type":"ReadAction","target":["https:\/\/salon-ela.de\/der-friseursalon-mehr-als-nur-ein-haarschnitt\/"]}]},{"@type":"ImageObject","inLanguage":"tr","@id":"https:\/\/salon-ela.de\/der-friseursalon-mehr-als-nur-ein-haarschnitt\/#primaryimage","url":"https:\/\/salon-ela.de\/wp-content\/uploads\/2025\/02\/salon-ela-location.jpg","contentUrl":"https:\/\/salon-ela.de\/wp-content\/uploads\/2025\/02\/salon-ela-location.jpg","width":768,"height":510},{"@type":"BreadcrumbList","@id":"https:\/\/salon-ela.de\/der-friseursalon-mehr-als-nur-ein-haarschnitt\/#breadcrumb","itemListElement":[{"@type":"ListItem","position":1,"name":"Home","item":"https:\/\/salon-ela.de\/uk\/"},{"@type":"ListItem","position":2,"name":"Der Friseursalon \u2013 Mehr als nur ein Haarschnitt"}]},{"@type":"WebSite","@id":"https:\/\/salon-ela.de\/uk\/#website","url":"https:\/\/salon-ela.de\/uk\/","name":"Friseursalon Ela","description":"Friseursalon Ela in Dortmund","publisher":{"@id":"https:\/\/salon-ela.de\/uk\/#organization"},"potentialAction":[{"@type":"SearchAction","target":{"@type":"EntryPoint","urlTemplate":"https:\/\/salon-ela.de\/uk\/?s={search_term_string}"},"query-input":{"@type":"PropertyValueSpecification","valueRequired":true,"valueName":"search_term_string"}}],"inLanguage":"tr"},{"@type":"Organization","@id":"https:\/\/salon-ela.de\/uk\/#organization","name":"Friseursalon Ela","url":"https:\/\/salon-ela.de\/uk\/","logo":{"@type":"ImageObject","inLanguage":"tr","@id":"https:\/\/salon-ela.de\/uk\/#\/schema\/logo\/image\/","url":"https:\/\/salon-ela.de\/wp-content\/uploads\/2025\/02\/logoela.png","contentUrl":"https:\/\/salon-ela.de\/wp-content\/uploads\/2025\/02\/logoela.png","width":60,"height":96,"caption":"Friseursalon Ela"},"image":{"@id":"https:\/\/salon-ela.de\/uk\/#\/schema\/logo\/image\/"},"sameAs":["https:\/\/www.facebook.com\/profile.php?id=100066531817981","https:\/\/x.com\/friseursalonela"]},{"@type":"Person","@id":"https:\/\/salon-ela.de\/uk\/#\/schema\/person\/d6719e877bf41e9757bbfa732918a980","name":"salon-ela","image":{"@type":"ImageObject","inLanguage":"tr","@id":"https:\/\/salon-ela.de\/uk\/#\/schema\/person\/image\/","url":"https:\/\/secure.gravatar.com\/avatar\/74dce7f9ee1a15bceb8c52b8f25c92eab6cfe4dcef45c2ca9fa1b49d1a512f83?s=96&d=mm&r=g","contentUrl":"https:\/\/secure.gravatar.com\/avatar\/74dce7f9ee1a15bceb8c52b8f25c92eab6cfe4dcef45c2ca9fa1b49d1a512f83?s=96&d=mm&r=g","caption":"salon-ela"},"sameAs":["http:\/\/salon-ela.orhandavidov.com"],"url":"https:\/\/salon-ela.de\/tr\/author\/salon-ela\/"}]}},"_links":{"self":[{"href":"https:\/\/salon-ela.de\/tr\/wp-json\/wp\/v2\/posts\/476","targetHints":{"allow":["GET"]}}],"collection":[{"href":"https:\/\/salon-ela.de\/tr\/wp-json\/wp\/v2\/posts"}],"about":[{"href":"https:\/\/salon-ela.de\/tr\/wp-json\/wp\/v2\/types\/post"}],"author":[{"embeddable":true,"href":"https:\/\/salon-ela.de\/tr\/wp-json\/wp\/v2\/users\/1"}],"replies":[{"embeddable":true,"href":"https:\/\/salon-ela.de\/tr\/wp-json\/wp\/v2\/comments?post=476"}],"version-history":[{"count":0,"href":"https:\/\/salon-ela.de\/tr\/wp-json\/wp\/v2\/posts\/476\/revisions"}],"wp:featuredmedia":[{"embeddable":true,"href":"https:\/\/salon-ela.de\/tr\/wp-json\/wp\/v2\/media\/132"}],"wp:attachment":[{"href":"https:\/\/salon-ela.de\/tr\/wp-json\/wp\/v2\/media?parent=476"}],"wp:term":[{"taxonomy":"category","embeddable":true,"href":"https:\/\/salon-ela.de\/tr\/wp-json\/wp\/v2\/categories?post=476"},{"taxonomy":"post_tag","embeddable":true,"href":"https:\/\/salon-ela.de\/tr\/wp-json\/wp\/v2\/tags?post=476"}],"curies":[{"name":"wp","href":"https:\/\/api.w.org\/{rel}","templated":true}]}}