{"id":480,"date":"2025-03-18T00:18:20","date_gmt":"2025-03-17T21:18:20","guid":{"rendered":"https:\/\/salon-ela.orhandavidov.com\/?p=480"},"modified":"2025-06-01T23:25:58","modified_gmt":"2025-06-01T21:25:58","slug":"die-atmosphaere-im-friseursalon","status":"publish","type":"post","link":"https:\/\/salon-ela.de\/tr\/die-atmosphaere-im-friseursalon\/","title":{"rendered":"Kuaf\u00f6rdeki atmosfer"},"content":{"rendered":"<p>Ein guter Friseursalon zeichnet sich durch eine angenehme Atmosph\u00e4re aus. Freundliches Personal, stilvolle Einrichtung und eine entspannte Musik schaffen eine Umgebung, in der sich Kunden wohlf\u00fchlen. Viele Salons bieten zudem kostenlose Getr\u00e4nke oder Zeitschriften an, um den Aufenthalt noch angenehmer zu gestalten.<\/p>","protected":false},"excerpt":{"rendered":"<p>\u0130yi bir kuaf\u00f6r salonu ho\u015f bir atmosfer ile karakterize edilir...<\/p>","protected":false},"author":1,"featured_media":163,"comment_status":"closed","ping_status":"closed","sticky":false,"template":"","format":"standard","meta":{"footnotes":""},"categories":[10],"tags":[],"class_list":["post-480","post","type-post","status-publish","format-standard","has-post-thumbnail","hentry","category-blog"],"acf":[],"yoast_head":"<!-- This site is optimized with the Yoast SEO plugin v26.4 - https:\/\/yoast.com\/wordpress\/plugins\/seo\/ -->\n<title>Die Atmosph\u00e4re im Friseursalon &#8211; Friseur Ela<\/title>\n<meta name=\"description\" content=\"Ein guter Friseursalon zeichnet sich durch eine angenehme Atmosph\u00e4re aus. Freundliches Personal, stilvolle Einrichtung...\" \/>\n<meta name=\"robots\" content=\"index, follow, max-snippet:-1, max-image-preview:large, max-video-preview:-1\" \/>\n<link rel=\"canonical\" href=\"https:\/\/salon-ela.de\/tr\/die-atmosphaere-im-friseursalon\/\" \/>\n<meta property=\"og:locale\" content=\"tr_TR\" \/>\n<meta property=\"og:type\" content=\"article\" \/>\n<meta property=\"og:title\" content=\"Die Atmosph\u00e4re im Friseursalon &#8211; Friseur Ela\" \/>\n<meta property=\"og:description\" content=\"Ein guter Friseursalon zeichnet sich durch eine angenehme Atmosph\u00e4re aus. Freundliches Personal, stilvolle Einrichtung...\" \/>\n<meta property=\"og:url\" content=\"https:\/\/salon-ela.de\/tr\/die-atmosphaere-im-friseursalon\/\" \/>\n<meta property=\"og:site_name\" content=\"Friseur Ela\" \/>\n<meta property=\"article:publisher\" content=\"https:\/\/www.facebook.com\/profile.php?id=100066531817981\" \/>\n<meta property=\"article:published_time\" content=\"2025-03-17T21:18:20+00:00\" \/>\n<meta property=\"article:modified_time\" content=\"2025-06-01T21:25:58+00:00\" \/>\n<meta property=\"og:image\" content=\"https:\/\/salon-ela.de\/wp-content\/uploads\/2025\/02\/t__parts-bg.jpg\" \/>\n\t<meta property=\"og:image:width\" content=\"1920\" \/>\n\t<meta property=\"og:image:height\" content=\"1200\" \/>\n\t<meta property=\"og:image:type\" content=\"image\/jpeg\" \/>\n<meta name=\"author\" content=\"salon-ela\" \/>\n<meta name=\"twitter:card\" content=\"summary_large_image\" \/>\n<meta name=\"twitter:creator\" content=\"@friseursalonela\" \/>\n<meta name=\"twitter:site\" content=\"@friseursalonela\" \/>\n<meta name=\"twitter:label1\" content=\"Yazan:\" \/>\n\t<meta name=\"twitter:data1\" content=\"salon-ela\" \/>\n\t<meta name=\"twitter:label2\" content=\"Tahmini okuma s\u00fcresi\" \/>\n\t<meta name=\"twitter:data2\" content=\"1 dakika\" \/>\n<script type=\"application\/ld+json\" class=\"yoast-schema-graph\">{\"@context\":\"https:\/\/schema.org\",\"@graph\":[{\"@type\":\"Article\",\"@id\":\"https:\/\/salon-ela.de\/die-atmosphaere-im-friseursalon\/#article\",\"isPartOf\":{\"@id\":\"https:\/\/salon-ela.de\/die-atmosphaere-im-friseursalon\/\"},\"author\":{\"name\":\"salon-ela\",\"@id\":\"https:\/\/salon-ela.de\/uk\/#\/schema\/person\/d6719e877bf41e9757bbfa732918a980\"},\"headline\":\"Die Atmosph\u00e4re im Friseursalon\",\"datePublished\":\"2025-03-17T21:18:20+00:00\",\"dateModified\":\"2025-06-01T21:25:58+00:00\",\"mainEntityOfPage\":{\"@id\":\"https:\/\/salon-ela.de\/die-atmosphaere-im-friseursalon\/\"},\"wordCount\":50,\"publisher\":{\"@id\":\"https:\/\/salon-ela.de\/uk\/#organization\"},\"image\":{\"@id\":\"https:\/\/salon-ela.de\/die-atmosphaere-im-friseursalon\/#primaryimage\"},\"thumbnailUrl\":\"https:\/\/salon-ela.de\/wp-content\/uploads\/2025\/02\/t__parts-bg.jpg\",\"articleSection\":[\"Blog\"],\"inLanguage\":\"tr\"},{\"@type\":\"WebPage\",\"@id\":\"https:\/\/salon-ela.de\/die-atmosphaere-im-friseursalon\/\",\"url\":\"https:\/\/salon-ela.de\/die-atmosphaere-im-friseursalon\/\",\"name\":\"Die Atmosph\u00e4re im Friseursalon &#8211; Friseur Ela\",\"isPartOf\":{\"@id\":\"https:\/\/salon-ela.de\/uk\/#website\"},\"primaryImageOfPage\":{\"@id\":\"https:\/\/salon-ela.de\/die-atmosphaere-im-friseursalon\/#primaryimage\"},\"image\":{\"@id\":\"https:\/\/salon-ela.de\/die-atmosphaere-im-friseursalon\/#primaryimage\"},\"thumbnailUrl\":\"https:\/\/salon-ela.de\/wp-content\/uploads\/2025\/02\/t__parts-bg.jpg\",\"datePublished\":\"2025-03-17T21:18:20+00:00\",\"dateModified\":\"2025-06-01T21:25:58+00:00\",\"description\":\"Ein guter Friseursalon zeichnet sich durch eine angenehme Atmosph\u00e4re aus. Freundliches Personal, stilvolle Einrichtung...\",\"breadcrumb\":{\"@id\":\"https:\/\/salon-ela.de\/die-atmosphaere-im-friseursalon\/#breadcrumb\"},\"inLanguage\":\"tr\",\"potentialAction\":[{\"@type\":\"ReadAction\",\"target\":[\"https:\/\/salon-ela.de\/die-atmosphaere-im-friseursalon\/\"]}]},{\"@type\":\"ImageObject\",\"inLanguage\":\"tr\",\"@id\":\"https:\/\/salon-ela.de\/die-atmosphaere-im-friseursalon\/#primaryimage\",\"url\":\"https:\/\/salon-ela.de\/wp-content\/uploads\/2025\/02\/t__parts-bg.jpg\",\"contentUrl\":\"https:\/\/salon-ela.de\/wp-content\/uploads\/2025\/02\/t__parts-bg.jpg\",\"width\":1920,\"height\":1200},{\"@type\":\"BreadcrumbList\",\"@id\":\"https:\/\/salon-ela.de\/die-atmosphaere-im-friseursalon\/#breadcrumb\",\"itemListElement\":[{\"@type\":\"ListItem\",\"position\":1,\"name\":\"Home\",\"item\":\"https:\/\/salon-ela.de\/uk\/\"},{\"@type\":\"ListItem\",\"position\":2,\"name\":\"Die Atmosph\u00e4re im Friseursalon\"}]},{\"@type\":\"WebSite\",\"@id\":\"https:\/\/salon-ela.de\/uk\/#website\",\"url\":\"https:\/\/salon-ela.de\/uk\/\",\"name\":\"Friseursalon Ela\",\"description\":\"Friseursalon Ela in Dortmund\",\"publisher\":{\"@id\":\"https:\/\/salon-ela.de\/uk\/#organization\"},\"potentialAction\":[{\"@type\":\"SearchAction\",\"target\":{\"@type\":\"EntryPoint\",\"urlTemplate\":\"https:\/\/salon-ela.de\/uk\/?s={search_term_string}\"},\"query-input\":{\"@type\":\"PropertyValueSpecification\",\"valueRequired\":true,\"valueName\":\"search_term_string\"}}],\"inLanguage\":\"tr\"},{\"@type\":\"Organization\",\"@id\":\"https:\/\/salon-ela.de\/uk\/#organization\",\"name\":\"Friseursalon Ela\",\"url\":\"https:\/\/salon-ela.de\/uk\/\",\"logo\":{\"@type\":\"ImageObject\",\"inLanguage\":\"tr\",\"@id\":\"https:\/\/salon-ela.de\/uk\/#\/schema\/logo\/image\/\",\"url\":\"https:\/\/salon-ela.de\/wp-content\/uploads\/2025\/02\/logoela.png\",\"contentUrl\":\"https:\/\/salon-ela.de\/wp-content\/uploads\/2025\/02\/logoela.png\",\"width\":60,\"height\":96,\"caption\":\"Friseursalon Ela\"},\"image\":{\"@id\":\"https:\/\/salon-ela.de\/uk\/#\/schema\/logo\/image\/\"},\"sameAs\":[\"https:\/\/www.facebook.com\/profile.php?id=100066531817981\",\"https:\/\/x.com\/friseursalonela\"]},{\"@type\":\"Person\",\"@id\":\"https:\/\/salon-ela.de\/uk\/#\/schema\/person\/d6719e877bf41e9757bbfa732918a980\",\"name\":\"salon-ela\",\"image\":{\"@type\":\"ImageObject\",\"inLanguage\":\"tr\",\"@id\":\"https:\/\/salon-ela.de\/uk\/#\/schema\/person\/image\/\",\"url\":\"https:\/\/secure.gravatar.com\/avatar\/74dce7f9ee1a15bceb8c52b8f25c92eab6cfe4dcef45c2ca9fa1b49d1a512f83?s=96&d=mm&r=g\",\"contentUrl\":\"https:\/\/secure.gravatar.com\/avatar\/74dce7f9ee1a15bceb8c52b8f25c92eab6cfe4dcef45c2ca9fa1b49d1a512f83?s=96&d=mm&r=g\",\"caption\":\"salon-ela\"},\"sameAs\":[\"http:\/\/salon-ela.orhandavidov.com\"],\"url\":\"https:\/\/salon-ela.de\/tr\/author\/salon-ela\/\"}]}<\/script>\n<!-- \/ Yoast SEO plugin. -->","yoast_head_json":{"title":"Die Atmosph\u00e4re im Friseursalon &#8211; Friseur Ela","description":"Ein guter Friseursalon zeichnet sich durch eine angenehme Atmosph\u00e4re aus. Freundliches Personal, stilvolle Einrichtung...","robots":{"index":"index","follow":"follow","max-snippet":"max-snippet:-1","max-image-preview":"max-image-preview:large","max-video-preview":"max-video-preview:-1"},"canonical":"https:\/\/salon-ela.de\/tr\/die-atmosphaere-im-friseursalon\/","og_locale":"tr_TR","og_type":"article","og_title":"Die Atmosph\u00e4re im Friseursalon &#8211; Friseur Ela","og_description":"Ein guter Friseursalon zeichnet sich durch eine angenehme Atmosph\u00e4re aus. Freundliches Personal, stilvolle Einrichtung...","og_url":"https:\/\/salon-ela.de\/tr\/die-atmosphaere-im-friseursalon\/","og_site_name":"Friseur Ela","article_publisher":"https:\/\/www.facebook.com\/profile.php?id=100066531817981","article_published_time":"2025-03-17T21:18:20+00:00","article_modified_time":"2025-06-01T21:25:58+00:00","og_image":[{"width":1920,"height":1200,"url":"https:\/\/salon-ela.de\/wp-content\/uploads\/2025\/02\/t__parts-bg.jpg","type":"image\/jpeg"}],"author":"salon-ela","twitter_card":"summary_large_image","twitter_creator":"@friseursalonela","twitter_site":"@friseursalonela","twitter_misc":{"Yazan:":"salon-ela","Tahmini okuma s\u00fcresi":"1 dakika"},"schema":{"@context":"https:\/\/schema.org","@graph":[{"@type":"Article","@id":"https:\/\/salon-ela.de\/die-atmosphaere-im-friseursalon\/#article","isPartOf":{"@id":"https:\/\/salon-ela.de\/die-atmosphaere-im-friseursalon\/"},"author":{"name":"salon-ela","@id":"https:\/\/salon-ela.de\/uk\/#\/schema\/person\/d6719e877bf41e9757bbfa732918a980"},"headline":"Die Atmosph\u00e4re im Friseursalon","datePublished":"2025-03-17T21:18:20+00:00","dateModified":"2025-06-01T21:25:58+00:00","mainEntityOfPage":{"@id":"https:\/\/salon-ela.de\/die-atmosphaere-im-friseursalon\/"},"wordCount":50,"publisher":{"@id":"https:\/\/salon-ela.de\/uk\/#organization"},"image":{"@id":"https:\/\/salon-ela.de\/die-atmosphaere-im-friseursalon\/#primaryimage"},"thumbnailUrl":"https:\/\/salon-ela.de\/wp-content\/uploads\/2025\/02\/t__parts-bg.jpg","articleSection":["Blog"],"inLanguage":"tr"},{"@type":"WebPage","@id":"https:\/\/salon-ela.de\/die-atmosphaere-im-friseursalon\/","url":"https:\/\/salon-ela.de\/die-atmosphaere-im-friseursalon\/","name":"Die Atmosph\u00e4re im Friseursalon &#8211; Friseur Ela","isPartOf":{"@id":"https:\/\/salon-ela.de\/uk\/#website"},"primaryImageOfPage":{"@id":"https:\/\/salon-ela.de\/die-atmosphaere-im-friseursalon\/#primaryimage"},"image":{"@id":"https:\/\/salon-ela.de\/die-atmosphaere-im-friseursalon\/#primaryimage"},"thumbnailUrl":"https:\/\/salon-ela.de\/wp-content\/uploads\/2025\/02\/t__parts-bg.jpg","datePublished":"2025-03-17T21:18:20+00:00","dateModified":"2025-06-01T21:25:58+00:00","description":"Ein guter Friseursalon zeichnet sich durch eine angenehme Atmosph\u00e4re aus. Freundliches Personal, stilvolle Einrichtung...","breadcrumb":{"@id":"https:\/\/salon-ela.de\/die-atmosphaere-im-friseursalon\/#breadcrumb"},"inLanguage":"tr","potentialAction":[{"@type":"ReadAction","target":["https:\/\/salon-ela.de\/die-atmosphaere-im-friseursalon\/"]}]},{"@type":"ImageObject","inLanguage":"tr","@id":"https:\/\/salon-ela.de\/die-atmosphaere-im-friseursalon\/#primaryimage","url":"https:\/\/salon-ela.de\/wp-content\/uploads\/2025\/02\/t__parts-bg.jpg","contentUrl":"https:\/\/salon-ela.de\/wp-content\/uploads\/2025\/02\/t__parts-bg.jpg","width":1920,"height":1200},{"@type":"BreadcrumbList","@id":"https:\/\/salon-ela.de\/die-atmosphaere-im-friseursalon\/#breadcrumb","itemListElement":[{"@type":"ListItem","position":1,"name":"Home","item":"https:\/\/salon-ela.de\/uk\/"},{"@type":"ListItem","position":2,"name":"Die Atmosph\u00e4re im Friseursalon"}]},{"@type":"WebSite","@id":"https:\/\/salon-ela.de\/uk\/#website","url":"https:\/\/salon-ela.de\/uk\/","name":"Friseursalon Ela","description":"Friseursalon Ela in Dortmund","publisher":{"@id":"https:\/\/salon-ela.de\/uk\/#organization"},"potentialAction":[{"@type":"SearchAction","target":{"@type":"EntryPoint","urlTemplate":"https:\/\/salon-ela.de\/uk\/?s={search_term_string}"},"query-input":{"@type":"PropertyValueSpecification","valueRequired":true,"valueName":"search_term_string"}}],"inLanguage":"tr"},{"@type":"Organization","@id":"https:\/\/salon-ela.de\/uk\/#organization","name":"Friseursalon Ela","url":"https:\/\/salon-ela.de\/uk\/","logo":{"@type":"ImageObject","inLanguage":"tr","@id":"https:\/\/salon-ela.de\/uk\/#\/schema\/logo\/image\/","url":"https:\/\/salon-ela.de\/wp-content\/uploads\/2025\/02\/logoela.png","contentUrl":"https:\/\/salon-ela.de\/wp-content\/uploads\/2025\/02\/logoela.png","width":60,"height":96,"caption":"Friseursalon Ela"},"image":{"@id":"https:\/\/salon-ela.de\/uk\/#\/schema\/logo\/image\/"},"sameAs":["https:\/\/www.facebook.com\/profile.php?id=100066531817981","https:\/\/x.com\/friseursalonela"]},{"@type":"Person","@id":"https:\/\/salon-ela.de\/uk\/#\/schema\/person\/d6719e877bf41e9757bbfa732918a980","name":"salon-ela","image":{"@type":"ImageObject","inLanguage":"tr","@id":"https:\/\/salon-ela.de\/uk\/#\/schema\/person\/image\/","url":"https:\/\/secure.gravatar.com\/avatar\/74dce7f9ee1a15bceb8c52b8f25c92eab6cfe4dcef45c2ca9fa1b49d1a512f83?s=96&d=mm&r=g","contentUrl":"https:\/\/secure.gravatar.com\/avatar\/74dce7f9ee1a15bceb8c52b8f25c92eab6cfe4dcef45c2ca9fa1b49d1a512f83?s=96&d=mm&r=g","caption":"salon-ela"},"sameAs":["http:\/\/salon-ela.orhandavidov.com"],"url":"https:\/\/salon-ela.de\/tr\/author\/salon-ela\/"}]}},"_links":{"self":[{"href":"https:\/\/salon-ela.de\/tr\/wp-json\/wp\/v2\/posts\/480","targetHints":{"allow":["GET"]}}],"collection":[{"href":"https:\/\/salon-ela.de\/tr\/wp-json\/wp\/v2\/posts"}],"about":[{"href":"https:\/\/salon-ela.de\/tr\/wp-json\/wp\/v2\/types\/post"}],"author":[{"embeddable":true,"href":"https:\/\/salon-ela.de\/tr\/wp-json\/wp\/v2\/users\/1"}],"replies":[{"embeddable":true,"href":"https:\/\/salon-ela.de\/tr\/wp-json\/wp\/v2\/comments?post=480"}],"version-history":[{"count":0,"href":"https:\/\/salon-ela.de\/tr\/wp-json\/wp\/v2\/posts\/480\/revisions"}],"wp:featuredmedia":[{"embeddable":true,"href":"https:\/\/salon-ela.de\/tr\/wp-json\/wp\/v2\/media\/163"}],"wp:attachment":[{"href":"https:\/\/salon-ela.de\/tr\/wp-json\/wp\/v2\/media?parent=480"}],"wp:term":[{"taxonomy":"category","embeddable":true,"href":"https:\/\/salon-ela.de\/tr\/wp-json\/wp\/v2\/categories?post=480"},{"taxonomy":"post_tag","embeddable":true,"href":"https:\/\/salon-ela.de\/tr\/wp-json\/wp\/v2\/tags?post=480"}],"curies":[{"name":"wp","href":"https:\/\/api.w.org\/{rel}","templated":true}]}}