{"id":554,"date":"2025-03-23T13:30:43","date_gmt":"2025-03-23T10:30:43","guid":{"rendered":"https:\/\/salon-ela.orhandavidov.com\/?p=554"},"modified":"2025-06-07T14:48:07","modified_gmt":"2025-06-07T12:48:07","slug":"individuelle-beratung-und-trends","status":"publish","type":"post","link":"https:\/\/salon-ela.de\/tr\/individuelle-beratung-und-trends\/","title":{"rendered":"Ki\u015fiselle\u015ftirilmi\u015f tavsiyeler ve trendler"},"content":{"rendered":"<figure class=\"wp-block-image size-large\"><img loading=\"lazy\" decoding=\"async\" width=\"1024\" height=\"640\" src=\"https:\/\/salon-ela.de\/wp-content\/uploads\/2025\/04\/hc-1024x640.webp\" alt=\"\" class=\"wp-image-611\" srcset=\"https:\/\/salon-ela.de\/wp-content\/uploads\/2025\/04\/hc-1024x640.webp 1024w, https:\/\/salon-ela.de\/wp-content\/uploads\/2025\/04\/hc-300x188.webp 300w, https:\/\/salon-ela.de\/wp-content\/uploads\/2025\/04\/hc-768x480.webp 768w, https:\/\/salon-ela.de\/wp-content\/uploads\/2025\/04\/hc-18x12.webp 18w, https:\/\/salon-ela.de\/wp-content\/uploads\/2025\/04\/hc.webp 1280w\" sizes=\"auto, (max-width: 1024px) 100vw, 1024px\" \/><\/figure>\n\n\n\n<p>Ein professioneller Friseur ber\u00e4t seine Kunden individuell und geht auf ihre W\u00fcnsche ein. Ob ein klassischer Haarschnitt oder eine moderne Trendfrisur \u2013 die richtige Beratung ist entscheidend. In vielen Salons arbeiten Experten, die sich regelm\u00e4\u00dfig weiterbilden, um die neuesten Techniken und Trends zu kennen.<\/p>","protected":false},"excerpt":{"rendered":"<p>Profesyonel bir kuaf\u00f6r, m\u00fc\u015fterilerine bireysel olarak tavsiyelerde bulunur ve onlar\u0131n isteklerine hitap eder. <\/p>","protected":false},"author":1,"featured_media":611,"comment_status":"closed","ping_status":"closed","sticky":false,"template":"","format":"standard","meta":{"footnotes":""},"categories":[10],"tags":[],"class_list":["post-554","post","type-post","status-publish","format-standard","has-post-thumbnail","hentry","category-blog"],"acf":[],"yoast_head":"<!-- This site is optimized with the Yoast SEO plugin v26.4 - https:\/\/yoast.com\/wordpress\/plugins\/seo\/ -->\n<title>Individuelle Beratung und Trends &#8211; Friseur Ela<\/title>\n<meta name=\"description\" content=\"Ein professioneller Friseur ber\u00e4t seine Kunden individuell und geht auf ihre W\u00fcnsche ein. Ob ein klassischer Haarschnitt...\" \/>\n<meta name=\"robots\" content=\"index, follow, max-snippet:-1, max-image-preview:large, max-video-preview:-1\" \/>\n<link rel=\"canonical\" href=\"https:\/\/salon-ela.de\/tr\/individuelle-beratung-und-trends\/\" \/>\n<meta property=\"og:locale\" content=\"tr_TR\" \/>\n<meta property=\"og:type\" content=\"article\" \/>\n<meta property=\"og:title\" content=\"Individuelle Beratung und Trends &#8211; Friseur Ela\" \/>\n<meta property=\"og:description\" content=\"Ein professioneller Friseur ber\u00e4t seine Kunden individuell und geht auf ihre W\u00fcnsche ein. Ob ein klassischer Haarschnitt...\" \/>\n<meta property=\"og:url\" content=\"https:\/\/salon-ela.de\/tr\/individuelle-beratung-und-trends\/\" \/>\n<meta property=\"og:site_name\" content=\"Friseur Ela\" \/>\n<meta property=\"article:publisher\" content=\"https:\/\/www.facebook.com\/profile.php?id=100066531817981\" \/>\n<meta property=\"article:published_time\" content=\"2025-03-23T10:30:43+00:00\" \/>\n<meta property=\"article:modified_time\" content=\"2025-06-07T12:48:07+00:00\" \/>\n<meta property=\"og:image\" content=\"https:\/\/salon-ela.de\/wp-content\/uploads\/2025\/04\/hc.webp\" \/>\n\t<meta property=\"og:image:width\" content=\"1280\" \/>\n\t<meta property=\"og:image:height\" content=\"800\" \/>\n\t<meta property=\"og:image:type\" content=\"image\/webp\" \/>\n<meta name=\"author\" content=\"salon-ela\" \/>\n<meta name=\"twitter:card\" content=\"summary_large_image\" \/>\n<meta name=\"twitter:creator\" content=\"@friseursalonela\" \/>\n<meta name=\"twitter:site\" content=\"@friseursalonela\" \/>\n<meta name=\"twitter:label1\" content=\"Yazan:\" \/>\n\t<meta name=\"twitter:data1\" content=\"salon-ela\" \/>\n\t<meta name=\"twitter:label2\" content=\"Tahmini okuma s\u00fcresi\" \/>\n\t<meta name=\"twitter:data2\" content=\"1 dakika\" \/>\n<script type=\"application\/ld+json\" class=\"yoast-schema-graph\">{\"@context\":\"https:\/\/schema.org\",\"@graph\":[{\"@type\":\"Article\",\"@id\":\"https:\/\/salon-ela.de\/individuelle-beratung-und-trends\/#article\",\"isPartOf\":{\"@id\":\"https:\/\/salon-ela.de\/individuelle-beratung-und-trends\/\"},\"author\":{\"name\":\"salon-ela\",\"@id\":\"https:\/\/salon-ela.de\/uk\/#\/schema\/person\/d6719e877bf41e9757bbfa732918a980\"},\"headline\":\"Individuelle Beratung und Trends\",\"datePublished\":\"2025-03-23T10:30:43+00:00\",\"dateModified\":\"2025-06-07T12:48:07+00:00\",\"mainEntityOfPage\":{\"@id\":\"https:\/\/salon-ela.de\/individuelle-beratung-und-trends\/\"},\"wordCount\":50,\"publisher\":{\"@id\":\"https:\/\/salon-ela.de\/uk\/#organization\"},\"image\":{\"@id\":\"https:\/\/salon-ela.de\/individuelle-beratung-und-trends\/#primaryimage\"},\"thumbnailUrl\":\"https:\/\/salon-ela.de\/wp-content\/uploads\/2025\/04\/hc.webp\",\"articleSection\":[\"Blog\"],\"inLanguage\":\"tr\"},{\"@type\":\"WebPage\",\"@id\":\"https:\/\/salon-ela.de\/individuelle-beratung-und-trends\/\",\"url\":\"https:\/\/salon-ela.de\/individuelle-beratung-und-trends\/\",\"name\":\"Individuelle Beratung und Trends &#8211; Friseur Ela\",\"isPartOf\":{\"@id\":\"https:\/\/salon-ela.de\/uk\/#website\"},\"primaryImageOfPage\":{\"@id\":\"https:\/\/salon-ela.de\/individuelle-beratung-und-trends\/#primaryimage\"},\"image\":{\"@id\":\"https:\/\/salon-ela.de\/individuelle-beratung-und-trends\/#primaryimage\"},\"thumbnailUrl\":\"https:\/\/salon-ela.de\/wp-content\/uploads\/2025\/04\/hc.webp\",\"datePublished\":\"2025-03-23T10:30:43+00:00\",\"dateModified\":\"2025-06-07T12:48:07+00:00\",\"description\":\"Ein professioneller Friseur ber\u00e4t seine Kunden individuell und geht auf ihre W\u00fcnsche ein. Ob ein klassischer Haarschnitt...\",\"breadcrumb\":{\"@id\":\"https:\/\/salon-ela.de\/individuelle-beratung-und-trends\/#breadcrumb\"},\"inLanguage\":\"tr\",\"potentialAction\":[{\"@type\":\"ReadAction\",\"target\":[\"https:\/\/salon-ela.de\/individuelle-beratung-und-trends\/\"]}]},{\"@type\":\"ImageObject\",\"inLanguage\":\"tr\",\"@id\":\"https:\/\/salon-ela.de\/individuelle-beratung-und-trends\/#primaryimage\",\"url\":\"https:\/\/salon-ela.de\/wp-content\/uploads\/2025\/04\/hc.webp\",\"contentUrl\":\"https:\/\/salon-ela.de\/wp-content\/uploads\/2025\/04\/hc.webp\",\"width\":1280,\"height\":800},{\"@type\":\"BreadcrumbList\",\"@id\":\"https:\/\/salon-ela.de\/individuelle-beratung-und-trends\/#breadcrumb\",\"itemListElement\":[{\"@type\":\"ListItem\",\"position\":1,\"name\":\"Home\",\"item\":\"https:\/\/salon-ela.de\/uk\/\"},{\"@type\":\"ListItem\",\"position\":2,\"name\":\"Individuelle Beratung und Trends\"}]},{\"@type\":\"WebSite\",\"@id\":\"https:\/\/salon-ela.de\/uk\/#website\",\"url\":\"https:\/\/salon-ela.de\/uk\/\",\"name\":\"Friseursalon Ela\",\"description\":\"Friseursalon Ela in Dortmund\",\"publisher\":{\"@id\":\"https:\/\/salon-ela.de\/uk\/#organization\"},\"potentialAction\":[{\"@type\":\"SearchAction\",\"target\":{\"@type\":\"EntryPoint\",\"urlTemplate\":\"https:\/\/salon-ela.de\/uk\/?s={search_term_string}\"},\"query-input\":{\"@type\":\"PropertyValueSpecification\",\"valueRequired\":true,\"valueName\":\"search_term_string\"}}],\"inLanguage\":\"tr\"},{\"@type\":\"Organization\",\"@id\":\"https:\/\/salon-ela.de\/uk\/#organization\",\"name\":\"Friseursalon Ela\",\"url\":\"https:\/\/salon-ela.de\/uk\/\",\"logo\":{\"@type\":\"ImageObject\",\"inLanguage\":\"tr\",\"@id\":\"https:\/\/salon-ela.de\/uk\/#\/schema\/logo\/image\/\",\"url\":\"https:\/\/salon-ela.de\/wp-content\/uploads\/2025\/02\/logoela.png\",\"contentUrl\":\"https:\/\/salon-ela.de\/wp-content\/uploads\/2025\/02\/logoela.png\",\"width\":60,\"height\":96,\"caption\":\"Friseursalon Ela\"},\"image\":{\"@id\":\"https:\/\/salon-ela.de\/uk\/#\/schema\/logo\/image\/\"},\"sameAs\":[\"https:\/\/www.facebook.com\/profile.php?id=100066531817981\",\"https:\/\/x.com\/friseursalonela\"]},{\"@type\":\"Person\",\"@id\":\"https:\/\/salon-ela.de\/uk\/#\/schema\/person\/d6719e877bf41e9757bbfa732918a980\",\"name\":\"salon-ela\",\"image\":{\"@type\":\"ImageObject\",\"inLanguage\":\"tr\",\"@id\":\"https:\/\/salon-ela.de\/uk\/#\/schema\/person\/image\/\",\"url\":\"https:\/\/secure.gravatar.com\/avatar\/74dce7f9ee1a15bceb8c52b8f25c92eab6cfe4dcef45c2ca9fa1b49d1a512f83?s=96&d=mm&r=g\",\"contentUrl\":\"https:\/\/secure.gravatar.com\/avatar\/74dce7f9ee1a15bceb8c52b8f25c92eab6cfe4dcef45c2ca9fa1b49d1a512f83?s=96&d=mm&r=g\",\"caption\":\"salon-ela\"},\"sameAs\":[\"http:\/\/salon-ela.orhandavidov.com\"],\"url\":\"https:\/\/salon-ela.de\/tr\/author\/salon-ela\/\"}]}<\/script>\n<!-- \/ Yoast SEO plugin. -->","yoast_head_json":{"title":"Individuelle Beratung und Trends &#8211; Friseur Ela","description":"Ein professioneller Friseur ber\u00e4t seine Kunden individuell und geht auf ihre W\u00fcnsche ein. Ob ein klassischer Haarschnitt...","robots":{"index":"index","follow":"follow","max-snippet":"max-snippet:-1","max-image-preview":"max-image-preview:large","max-video-preview":"max-video-preview:-1"},"canonical":"https:\/\/salon-ela.de\/tr\/individuelle-beratung-und-trends\/","og_locale":"tr_TR","og_type":"article","og_title":"Individuelle Beratung und Trends &#8211; Friseur Ela","og_description":"Ein professioneller Friseur ber\u00e4t seine Kunden individuell und geht auf ihre W\u00fcnsche ein. Ob ein klassischer Haarschnitt...","og_url":"https:\/\/salon-ela.de\/tr\/individuelle-beratung-und-trends\/","og_site_name":"Friseur Ela","article_publisher":"https:\/\/www.facebook.com\/profile.php?id=100066531817981","article_published_time":"2025-03-23T10:30:43+00:00","article_modified_time":"2025-06-07T12:48:07+00:00","og_image":[{"width":1280,"height":800,"url":"https:\/\/salon-ela.de\/wp-content\/uploads\/2025\/04\/hc.webp","type":"image\/webp"}],"author":"salon-ela","twitter_card":"summary_large_image","twitter_creator":"@friseursalonela","twitter_site":"@friseursalonela","twitter_misc":{"Yazan:":"salon-ela","Tahmini okuma s\u00fcresi":"1 dakika"},"schema":{"@context":"https:\/\/schema.org","@graph":[{"@type":"Article","@id":"https:\/\/salon-ela.de\/individuelle-beratung-und-trends\/#article","isPartOf":{"@id":"https:\/\/salon-ela.de\/individuelle-beratung-und-trends\/"},"author":{"name":"salon-ela","@id":"https:\/\/salon-ela.de\/uk\/#\/schema\/person\/d6719e877bf41e9757bbfa732918a980"},"headline":"Individuelle Beratung und Trends","datePublished":"2025-03-23T10:30:43+00:00","dateModified":"2025-06-07T12:48:07+00:00","mainEntityOfPage":{"@id":"https:\/\/salon-ela.de\/individuelle-beratung-und-trends\/"},"wordCount":50,"publisher":{"@id":"https:\/\/salon-ela.de\/uk\/#organization"},"image":{"@id":"https:\/\/salon-ela.de\/individuelle-beratung-und-trends\/#primaryimage"},"thumbnailUrl":"https:\/\/salon-ela.de\/wp-content\/uploads\/2025\/04\/hc.webp","articleSection":["Blog"],"inLanguage":"tr"},{"@type":"WebPage","@id":"https:\/\/salon-ela.de\/individuelle-beratung-und-trends\/","url":"https:\/\/salon-ela.de\/individuelle-beratung-und-trends\/","name":"Individuelle Beratung und Trends &#8211; Friseur Ela","isPartOf":{"@id":"https:\/\/salon-ela.de\/uk\/#website"},"primaryImageOfPage":{"@id":"https:\/\/salon-ela.de\/individuelle-beratung-und-trends\/#primaryimage"},"image":{"@id":"https:\/\/salon-ela.de\/individuelle-beratung-und-trends\/#primaryimage"},"thumbnailUrl":"https:\/\/salon-ela.de\/wp-content\/uploads\/2025\/04\/hc.webp","datePublished":"2025-03-23T10:30:43+00:00","dateModified":"2025-06-07T12:48:07+00:00","description":"Ein professioneller Friseur ber\u00e4t seine Kunden individuell und geht auf ihre W\u00fcnsche ein. Ob ein klassischer Haarschnitt...","breadcrumb":{"@id":"https:\/\/salon-ela.de\/individuelle-beratung-und-trends\/#breadcrumb"},"inLanguage":"tr","potentialAction":[{"@type":"ReadAction","target":["https:\/\/salon-ela.de\/individuelle-beratung-und-trends\/"]}]},{"@type":"ImageObject","inLanguage":"tr","@id":"https:\/\/salon-ela.de\/individuelle-beratung-und-trends\/#primaryimage","url":"https:\/\/salon-ela.de\/wp-content\/uploads\/2025\/04\/hc.webp","contentUrl":"https:\/\/salon-ela.de\/wp-content\/uploads\/2025\/04\/hc.webp","width":1280,"height":800},{"@type":"BreadcrumbList","@id":"https:\/\/salon-ela.de\/individuelle-beratung-und-trends\/#breadcrumb","itemListElement":[{"@type":"ListItem","position":1,"name":"Home","item":"https:\/\/salon-ela.de\/uk\/"},{"@type":"ListItem","position":2,"name":"Individuelle Beratung und Trends"}]},{"@type":"WebSite","@id":"https:\/\/salon-ela.de\/uk\/#website","url":"https:\/\/salon-ela.de\/uk\/","name":"Friseursalon Ela","description":"Friseursalon Ela in Dortmund","publisher":{"@id":"https:\/\/salon-ela.de\/uk\/#organization"},"potentialAction":[{"@type":"SearchAction","target":{"@type":"EntryPoint","urlTemplate":"https:\/\/salon-ela.de\/uk\/?s={search_term_string}"},"query-input":{"@type":"PropertyValueSpecification","valueRequired":true,"valueName":"search_term_string"}}],"inLanguage":"tr"},{"@type":"Organization","@id":"https:\/\/salon-ela.de\/uk\/#organization","name":"Friseursalon Ela","url":"https:\/\/salon-ela.de\/uk\/","logo":{"@type":"ImageObject","inLanguage":"tr","@id":"https:\/\/salon-ela.de\/uk\/#\/schema\/logo\/image\/","url":"https:\/\/salon-ela.de\/wp-content\/uploads\/2025\/02\/logoela.png","contentUrl":"https:\/\/salon-ela.de\/wp-content\/uploads\/2025\/02\/logoela.png","width":60,"height":96,"caption":"Friseursalon Ela"},"image":{"@id":"https:\/\/salon-ela.de\/uk\/#\/schema\/logo\/image\/"},"sameAs":["https:\/\/www.facebook.com\/profile.php?id=100066531817981","https:\/\/x.com\/friseursalonela"]},{"@type":"Person","@id":"https:\/\/salon-ela.de\/uk\/#\/schema\/person\/d6719e877bf41e9757bbfa732918a980","name":"salon-ela","image":{"@type":"ImageObject","inLanguage":"tr","@id":"https:\/\/salon-ela.de\/uk\/#\/schema\/person\/image\/","url":"https:\/\/secure.gravatar.com\/avatar\/74dce7f9ee1a15bceb8c52b8f25c92eab6cfe4dcef45c2ca9fa1b49d1a512f83?s=96&d=mm&r=g","contentUrl":"https:\/\/secure.gravatar.com\/avatar\/74dce7f9ee1a15bceb8c52b8f25c92eab6cfe4dcef45c2ca9fa1b49d1a512f83?s=96&d=mm&r=g","caption":"salon-ela"},"sameAs":["http:\/\/salon-ela.orhandavidov.com"],"url":"https:\/\/salon-ela.de\/tr\/author\/salon-ela\/"}]}},"_links":{"self":[{"href":"https:\/\/salon-ela.de\/tr\/wp-json\/wp\/v2\/posts\/554","targetHints":{"allow":["GET"]}}],"collection":[{"href":"https:\/\/salon-ela.de\/tr\/wp-json\/wp\/v2\/posts"}],"about":[{"href":"https:\/\/salon-ela.de\/tr\/wp-json\/wp\/v2\/types\/post"}],"author":[{"embeddable":true,"href":"https:\/\/salon-ela.de\/tr\/wp-json\/wp\/v2\/users\/1"}],"replies":[{"embeddable":true,"href":"https:\/\/salon-ela.de\/tr\/wp-json\/wp\/v2\/comments?post=554"}],"version-history":[{"count":0,"href":"https:\/\/salon-ela.de\/tr\/wp-json\/wp\/v2\/posts\/554\/revisions"}],"wp:featuredmedia":[{"embeddable":true,"href":"https:\/\/salon-ela.de\/tr\/wp-json\/wp\/v2\/media\/611"}],"wp:attachment":[{"href":"https:\/\/salon-ela.de\/tr\/wp-json\/wp\/v2\/media?parent=554"}],"wp:term":[{"taxonomy":"category","embeddable":true,"href":"https:\/\/salon-ela.de\/tr\/wp-json\/wp\/v2\/categories?post=554"},{"taxonomy":"post_tag","embeddable":true,"href":"https:\/\/salon-ela.de\/tr\/wp-json\/wp\/v2\/tags?post=554"}],"curies":[{"name":"wp","href":"https:\/\/api.w.org\/{rel}","templated":true}]}}