{"id":556,"date":"2025-03-23T13:32:15","date_gmt":"2025-03-23T10:32:15","guid":{"rendered":"https:\/\/salon-ela.orhandavidov.com\/?p=556"},"modified":"2025-06-07T14:48:17","modified_gmt":"2025-06-07T12:48:17","slug":"haarpflege-und-gesundheit","status":"publish","type":"post","link":"https:\/\/salon-ela.de\/tr\/haarpflege-und-gesundheit\/","title":{"rendered":"Sa\u00e7 bak\u0131m\u0131 ve sa\u011fl\u0131\u011f\u0131"},"content":{"rendered":"<p>Stilin yan\u0131 s\u0131ra bak\u0131m da \u00f6nemli bir rol oynar. Y\u00fcksek kaliteli \u00fcr\u00fcnler sa\u00e7lar\u0131n sa\u011fl\u0131kl\u0131 ve parlak kalmas\u0131na yard\u0131mc\u0131 olur. Pek \u00e7ok kuaf\u00f6r, m\u00fc\u015fterinin sa\u00e7 tipine ve ihtiyac\u0131na g\u00f6re \u00f6zel \u015fampuan ve bak\u0131m \u00fcr\u00fcnleri kullan\u0131yor.<\/p>\n\n\n\n<figure class=\"wp-block-image size-large\"><img loading=\"lazy\" decoding=\"async\" width=\"1024\" height=\"427\" src=\"https:\/\/salon-ela.de\/wp-content\/uploads\/2025\/04\/pap-tr.jpg\" alt=\"\" class=\"wp-image-650\" srcset=\"https:\/\/salon-ela.de\/wp-content\/uploads\/2025\/04\/pap-tr.jpg 1200w, https:\/\/salon-ela.de\/wp-content\/uploads\/2025\/04\/pap-tr-300x125.jpg 300w, https:\/\/salon-ela.de\/wp-content\/uploads\/2025\/04\/pap-tr-1024x427.jpg 1024w, https:\/\/salon-ela.de\/wp-content\/uploads\/2025\/04\/pap-tr-768x320.jpg 768w, https:\/\/salon-ela.de\/wp-content\/uploads\/2025\/04\/pap-tr-18x8.jpg 18w\" sizes=\"auto, (max-width: 1024px) 100vw, 1024px\" \/><\/figure>","protected":false},"excerpt":{"rendered":"<p>Neben dem Styling spielt auch die Pflege eine gro\u00dfe Rolle.<\/p>","protected":false},"author":1,"featured_media":650,"comment_status":"closed","ping_status":"closed","sticky":false,"template":"","format":"standard","meta":{"footnotes":""},"categories":[10],"tags":[],"class_list":["post-556","post","type-post","status-publish","format-standard","has-post-thumbnail","hentry","category-blog"],"acf":[],"yoast_head":"<!-- This site is optimized with the Yoast SEO plugin v26.4 - https:\/\/yoast.com\/wordpress\/plugins\/seo\/ -->\n<title>Haarpflege und Gesundheit &#8211; Friseur Ela<\/title>\n<meta name=\"description\" content=\"Neben dem Styling spielt auch die Pflege eine gro\u00dfe Rolle. Hochwertige Produkte helfen, die Haare gesund und gl\u00e4nzend zu halten.\" \/>\n<meta name=\"robots\" content=\"index, follow, max-snippet:-1, max-image-preview:large, max-video-preview:-1\" \/>\n<link rel=\"canonical\" href=\"https:\/\/salon-ela.de\/tr\/haarpflege-und-gesundheit\/\" \/>\n<meta property=\"og:locale\" content=\"tr_TR\" \/>\n<meta property=\"og:type\" content=\"article\" \/>\n<meta property=\"og:title\" content=\"Haarpflege und Gesundheit &#8211; Friseur Ela\" \/>\n<meta property=\"og:description\" content=\"Neben dem Styling spielt auch die Pflege eine gro\u00dfe Rolle. Hochwertige Produkte helfen, die Haare gesund und gl\u00e4nzend zu halten.\" \/>\n<meta property=\"og:url\" content=\"https:\/\/salon-ela.de\/tr\/haarpflege-und-gesundheit\/\" \/>\n<meta property=\"og:site_name\" content=\"Friseur Ela\" \/>\n<meta property=\"article:publisher\" content=\"https:\/\/www.facebook.com\/profile.php?id=100066531817981\" \/>\n<meta property=\"article:published_time\" content=\"2025-03-23T10:32:15+00:00\" \/>\n<meta property=\"article:modified_time\" content=\"2025-06-07T12:48:17+00:00\" \/>\n<meta property=\"og:image\" content=\"https:\/\/salon-ela.de\/wp-content\/uploads\/2025\/03\/pap.jpg\" \/>\n\t<meta property=\"og:image:width\" content=\"1200\" \/>\n\t<meta property=\"og:image:height\" content=\"500\" \/>\n\t<meta property=\"og:image:type\" content=\"image\/jpeg\" \/>\n<meta name=\"author\" content=\"salon-ela\" \/>\n<meta name=\"twitter:card\" content=\"summary_large_image\" \/>\n<meta name=\"twitter:creator\" content=\"@friseursalonela\" \/>\n<meta name=\"twitter:site\" content=\"@friseursalonela\" \/>\n<meta name=\"twitter:label1\" content=\"Yazan:\" \/>\n\t<meta name=\"twitter:data1\" content=\"salon-ela\" \/>\n\t<meta name=\"twitter:label2\" content=\"Tahmini okuma s\u00fcresi\" \/>\n\t<meta name=\"twitter:data2\" content=\"1 dakika\" \/>\n<script type=\"application\/ld+json\" class=\"yoast-schema-graph\">{\"@context\":\"https:\/\/schema.org\",\"@graph\":[{\"@type\":\"Article\",\"@id\":\"https:\/\/salon-ela.de\/haarpflege-und-gesundheit\/#article\",\"isPartOf\":{\"@id\":\"https:\/\/salon-ela.de\/haarpflege-und-gesundheit\/\"},\"author\":{\"name\":\"salon-ela\",\"@id\":\"https:\/\/salon-ela.de\/uk\/#\/schema\/person\/d6719e877bf41e9757bbfa732918a980\"},\"headline\":\"Haarpflege und Gesundheit\",\"datePublished\":\"2025-03-23T10:32:15+00:00\",\"dateModified\":\"2025-06-07T12:48:17+00:00\",\"mainEntityOfPage\":{\"@id\":\"https:\/\/salon-ela.de\/haarpflege-und-gesundheit\/\"},\"wordCount\":44,\"publisher\":{\"@id\":\"https:\/\/salon-ela.de\/uk\/#organization\"},\"image\":{\"@id\":\"https:\/\/salon-ela.de\/haarpflege-und-gesundheit\/#primaryimage\"},\"thumbnailUrl\":\"https:\/\/salon-ela.de\/wp-content\/uploads\/2025\/03\/pap.jpg\",\"articleSection\":[\"Blog\"],\"inLanguage\":\"tr\"},{\"@type\":\"WebPage\",\"@id\":\"https:\/\/salon-ela.de\/haarpflege-und-gesundheit\/\",\"url\":\"https:\/\/salon-ela.de\/haarpflege-und-gesundheit\/\",\"name\":\"Haarpflege und Gesundheit &#8211; Friseur Ela\",\"isPartOf\":{\"@id\":\"https:\/\/salon-ela.de\/uk\/#website\"},\"primaryImageOfPage\":{\"@id\":\"https:\/\/salon-ela.de\/haarpflege-und-gesundheit\/#primaryimage\"},\"image\":{\"@id\":\"https:\/\/salon-ela.de\/haarpflege-und-gesundheit\/#primaryimage\"},\"thumbnailUrl\":\"https:\/\/salon-ela.de\/wp-content\/uploads\/2025\/03\/pap.jpg\",\"datePublished\":\"2025-03-23T10:32:15+00:00\",\"dateModified\":\"2025-06-07T12:48:17+00:00\",\"description\":\"Neben dem Styling spielt auch die Pflege eine gro\u00dfe Rolle. Hochwertige Produkte helfen, die Haare gesund und gl\u00e4nzend zu halten.\",\"breadcrumb\":{\"@id\":\"https:\/\/salon-ela.de\/haarpflege-und-gesundheit\/#breadcrumb\"},\"inLanguage\":\"tr\",\"potentialAction\":[{\"@type\":\"ReadAction\",\"target\":[\"https:\/\/salon-ela.de\/haarpflege-und-gesundheit\/\"]}]},{\"@type\":\"ImageObject\",\"inLanguage\":\"tr\",\"@id\":\"https:\/\/salon-ela.de\/haarpflege-und-gesundheit\/#primaryimage\",\"url\":\"https:\/\/salon-ela.de\/wp-content\/uploads\/2025\/03\/pap.jpg\",\"contentUrl\":\"https:\/\/salon-ela.de\/wp-content\/uploads\/2025\/03\/pap.jpg\",\"width\":1200,\"height\":500},{\"@type\":\"BreadcrumbList\",\"@id\":\"https:\/\/salon-ela.de\/haarpflege-und-gesundheit\/#breadcrumb\",\"itemListElement\":[{\"@type\":\"ListItem\",\"position\":1,\"name\":\"Home\",\"item\":\"https:\/\/salon-ela.de\/uk\/\"},{\"@type\":\"ListItem\",\"position\":2,\"name\":\"Haarpflege und Gesundheit\"}]},{\"@type\":\"WebSite\",\"@id\":\"https:\/\/salon-ela.de\/uk\/#website\",\"url\":\"https:\/\/salon-ela.de\/uk\/\",\"name\":\"Friseursalon Ela\",\"description\":\"Friseursalon Ela in Dortmund\",\"publisher\":{\"@id\":\"https:\/\/salon-ela.de\/uk\/#organization\"},\"potentialAction\":[{\"@type\":\"SearchAction\",\"target\":{\"@type\":\"EntryPoint\",\"urlTemplate\":\"https:\/\/salon-ela.de\/uk\/?s={search_term_string}\"},\"query-input\":{\"@type\":\"PropertyValueSpecification\",\"valueRequired\":true,\"valueName\":\"search_term_string\"}}],\"inLanguage\":\"tr\"},{\"@type\":\"Organization\",\"@id\":\"https:\/\/salon-ela.de\/uk\/#organization\",\"name\":\"Friseursalon Ela\",\"url\":\"https:\/\/salon-ela.de\/uk\/\",\"logo\":{\"@type\":\"ImageObject\",\"inLanguage\":\"tr\",\"@id\":\"https:\/\/salon-ela.de\/uk\/#\/schema\/logo\/image\/\",\"url\":\"https:\/\/salon-ela.de\/wp-content\/uploads\/2025\/02\/logoela.png\",\"contentUrl\":\"https:\/\/salon-ela.de\/wp-content\/uploads\/2025\/02\/logoela.png\",\"width\":60,\"height\":96,\"caption\":\"Friseursalon Ela\"},\"image\":{\"@id\":\"https:\/\/salon-ela.de\/uk\/#\/schema\/logo\/image\/\"},\"sameAs\":[\"https:\/\/www.facebook.com\/profile.php?id=100066531817981\",\"https:\/\/x.com\/friseursalonela\"]},{\"@type\":\"Person\",\"@id\":\"https:\/\/salon-ela.de\/uk\/#\/schema\/person\/d6719e877bf41e9757bbfa732918a980\",\"name\":\"salon-ela\",\"image\":{\"@type\":\"ImageObject\",\"inLanguage\":\"tr\",\"@id\":\"https:\/\/salon-ela.de\/uk\/#\/schema\/person\/image\/\",\"url\":\"https:\/\/secure.gravatar.com\/avatar\/74dce7f9ee1a15bceb8c52b8f25c92eab6cfe4dcef45c2ca9fa1b49d1a512f83?s=96&d=mm&r=g\",\"contentUrl\":\"https:\/\/secure.gravatar.com\/avatar\/74dce7f9ee1a15bceb8c52b8f25c92eab6cfe4dcef45c2ca9fa1b49d1a512f83?s=96&d=mm&r=g\",\"caption\":\"salon-ela\"},\"sameAs\":[\"http:\/\/salon-ela.orhandavidov.com\"],\"url\":\"https:\/\/salon-ela.de\/tr\/author\/salon-ela\/\"}]}<\/script>\n<!-- \/ Yoast SEO plugin. -->","yoast_head_json":{"title":"Haarpflege und Gesundheit &#8211; Friseur Ela","description":"Neben dem Styling spielt auch die Pflege eine gro\u00dfe Rolle. Hochwertige Produkte helfen, die Haare gesund und gl\u00e4nzend zu halten.","robots":{"index":"index","follow":"follow","max-snippet":"max-snippet:-1","max-image-preview":"max-image-preview:large","max-video-preview":"max-video-preview:-1"},"canonical":"https:\/\/salon-ela.de\/tr\/haarpflege-und-gesundheit\/","og_locale":"tr_TR","og_type":"article","og_title":"Haarpflege und Gesundheit &#8211; Friseur Ela","og_description":"Neben dem Styling spielt auch die Pflege eine gro\u00dfe Rolle. Hochwertige Produkte helfen, die Haare gesund und gl\u00e4nzend zu halten.","og_url":"https:\/\/salon-ela.de\/tr\/haarpflege-und-gesundheit\/","og_site_name":"Friseur Ela","article_publisher":"https:\/\/www.facebook.com\/profile.php?id=100066531817981","article_published_time":"2025-03-23T10:32:15+00:00","article_modified_time":"2025-06-07T12:48:17+00:00","og_image":[{"width":1200,"height":500,"url":"https:\/\/salon-ela.de\/wp-content\/uploads\/2025\/03\/pap.jpg","type":"image\/jpeg"}],"author":"salon-ela","twitter_card":"summary_large_image","twitter_creator":"@friseursalonela","twitter_site":"@friseursalonela","twitter_misc":{"Yazan:":"salon-ela","Tahmini okuma s\u00fcresi":"1 dakika"},"schema":{"@context":"https:\/\/schema.org","@graph":[{"@type":"Article","@id":"https:\/\/salon-ela.de\/haarpflege-und-gesundheit\/#article","isPartOf":{"@id":"https:\/\/salon-ela.de\/haarpflege-und-gesundheit\/"},"author":{"name":"salon-ela","@id":"https:\/\/salon-ela.de\/uk\/#\/schema\/person\/d6719e877bf41e9757bbfa732918a980"},"headline":"Haarpflege und Gesundheit","datePublished":"2025-03-23T10:32:15+00:00","dateModified":"2025-06-07T12:48:17+00:00","mainEntityOfPage":{"@id":"https:\/\/salon-ela.de\/haarpflege-und-gesundheit\/"},"wordCount":44,"publisher":{"@id":"https:\/\/salon-ela.de\/uk\/#organization"},"image":{"@id":"https:\/\/salon-ela.de\/haarpflege-und-gesundheit\/#primaryimage"},"thumbnailUrl":"https:\/\/salon-ela.de\/wp-content\/uploads\/2025\/03\/pap.jpg","articleSection":["Blog"],"inLanguage":"tr"},{"@type":"WebPage","@id":"https:\/\/salon-ela.de\/haarpflege-und-gesundheit\/","url":"https:\/\/salon-ela.de\/haarpflege-und-gesundheit\/","name":"Haarpflege und Gesundheit &#8211; Friseur Ela","isPartOf":{"@id":"https:\/\/salon-ela.de\/uk\/#website"},"primaryImageOfPage":{"@id":"https:\/\/salon-ela.de\/haarpflege-und-gesundheit\/#primaryimage"},"image":{"@id":"https:\/\/salon-ela.de\/haarpflege-und-gesundheit\/#primaryimage"},"thumbnailUrl":"https:\/\/salon-ela.de\/wp-content\/uploads\/2025\/03\/pap.jpg","datePublished":"2025-03-23T10:32:15+00:00","dateModified":"2025-06-07T12:48:17+00:00","description":"Neben dem Styling spielt auch die Pflege eine gro\u00dfe Rolle. Hochwertige Produkte helfen, die Haare gesund und gl\u00e4nzend zu halten.","breadcrumb":{"@id":"https:\/\/salon-ela.de\/haarpflege-und-gesundheit\/#breadcrumb"},"inLanguage":"tr","potentialAction":[{"@type":"ReadAction","target":["https:\/\/salon-ela.de\/haarpflege-und-gesundheit\/"]}]},{"@type":"ImageObject","inLanguage":"tr","@id":"https:\/\/salon-ela.de\/haarpflege-und-gesundheit\/#primaryimage","url":"https:\/\/salon-ela.de\/wp-content\/uploads\/2025\/03\/pap.jpg","contentUrl":"https:\/\/salon-ela.de\/wp-content\/uploads\/2025\/03\/pap.jpg","width":1200,"height":500},{"@type":"BreadcrumbList","@id":"https:\/\/salon-ela.de\/haarpflege-und-gesundheit\/#breadcrumb","itemListElement":[{"@type":"ListItem","position":1,"name":"Home","item":"https:\/\/salon-ela.de\/uk\/"},{"@type":"ListItem","position":2,"name":"Haarpflege und Gesundheit"}]},{"@type":"WebSite","@id":"https:\/\/salon-ela.de\/uk\/#website","url":"https:\/\/salon-ela.de\/uk\/","name":"Friseursalon Ela","description":"Friseursalon Ela in Dortmund","publisher":{"@id":"https:\/\/salon-ela.de\/uk\/#organization"},"potentialAction":[{"@type":"SearchAction","target":{"@type":"EntryPoint","urlTemplate":"https:\/\/salon-ela.de\/uk\/?s={search_term_string}"},"query-input":{"@type":"PropertyValueSpecification","valueRequired":true,"valueName":"search_term_string"}}],"inLanguage":"tr"},{"@type":"Organization","@id":"https:\/\/salon-ela.de\/uk\/#organization","name":"Friseursalon Ela","url":"https:\/\/salon-ela.de\/uk\/","logo":{"@type":"ImageObject","inLanguage":"tr","@id":"https:\/\/salon-ela.de\/uk\/#\/schema\/logo\/image\/","url":"https:\/\/salon-ela.de\/wp-content\/uploads\/2025\/02\/logoela.png","contentUrl":"https:\/\/salon-ela.de\/wp-content\/uploads\/2025\/02\/logoela.png","width":60,"height":96,"caption":"Friseursalon Ela"},"image":{"@id":"https:\/\/salon-ela.de\/uk\/#\/schema\/logo\/image\/"},"sameAs":["https:\/\/www.facebook.com\/profile.php?id=100066531817981","https:\/\/x.com\/friseursalonela"]},{"@type":"Person","@id":"https:\/\/salon-ela.de\/uk\/#\/schema\/person\/d6719e877bf41e9757bbfa732918a980","name":"salon-ela","image":{"@type":"ImageObject","inLanguage":"tr","@id":"https:\/\/salon-ela.de\/uk\/#\/schema\/person\/image\/","url":"https:\/\/secure.gravatar.com\/avatar\/74dce7f9ee1a15bceb8c52b8f25c92eab6cfe4dcef45c2ca9fa1b49d1a512f83?s=96&d=mm&r=g","contentUrl":"https:\/\/secure.gravatar.com\/avatar\/74dce7f9ee1a15bceb8c52b8f25c92eab6cfe4dcef45c2ca9fa1b49d1a512f83?s=96&d=mm&r=g","caption":"salon-ela"},"sameAs":["http:\/\/salon-ela.orhandavidov.com"],"url":"https:\/\/salon-ela.de\/tr\/author\/salon-ela\/"}]}},"_links":{"self":[{"href":"https:\/\/salon-ela.de\/tr\/wp-json\/wp\/v2\/posts\/556","targetHints":{"allow":["GET"]}}],"collection":[{"href":"https:\/\/salon-ela.de\/tr\/wp-json\/wp\/v2\/posts"}],"about":[{"href":"https:\/\/salon-ela.de\/tr\/wp-json\/wp\/v2\/types\/post"}],"author":[{"embeddable":true,"href":"https:\/\/salon-ela.de\/tr\/wp-json\/wp\/v2\/users\/1"}],"replies":[{"embeddable":true,"href":"https:\/\/salon-ela.de\/tr\/wp-json\/wp\/v2\/comments?post=556"}],"version-history":[{"count":0,"href":"https:\/\/salon-ela.de\/tr\/wp-json\/wp\/v2\/posts\/556\/revisions"}],"wp:featuredmedia":[{"embeddable":true,"href":"https:\/\/salon-ela.de\/tr\/wp-json\/wp\/v2\/media\/650"}],"wp:attachment":[{"href":"https:\/\/salon-ela.de\/tr\/wp-json\/wp\/v2\/media?parent=556"}],"wp:term":[{"taxonomy":"category","embeddable":true,"href":"https:\/\/salon-ela.de\/tr\/wp-json\/wp\/v2\/categories?post=556"},{"taxonomy":"post_tag","embeddable":true,"href":"https:\/\/salon-ela.de\/tr\/wp-json\/wp\/v2\/tags?post=556"}],"curies":[{"name":"wp","href":"https:\/\/api.w.org\/{rel}","templated":true}]}}