{"id":721,"date":"2025-06-09T22:45:28","date_gmt":"2025-06-09T20:45:28","guid":{"rendered":"https:\/\/salon-ela.de\/?p=721"},"modified":"2025-06-09T23:00:55","modified_gmt":"2025-06-09T21:00:55","slug":"pflegetipps-nach-dem-friseurbesuch","status":"publish","type":"post","link":"https:\/\/salon-ela.de\/tr\/pflegetipps-nach-dem-friseurbesuch\/","title":{"rendered":"Kuaf\u00f6re gittikten sonra bak\u0131m ipu\u00e7lar\u0131"},"content":{"rendered":"<p>M\u00f6chten Sie, dass das Ergebnis Ihres Besuchs bei <strong>Salon Ela<\/strong> m\u00f6glichst lange erhalten bleibt? Hier finden Sie einfache, aber wirkungsvolle Tipps zur Pflege Ihrer Haare, Gesichtshaut und allgemeinen Sch\u00f6nheit zu Hause.<\/p>\n\n\n\n<p><\/p>\n\n\n\n<h3 class=\"wp-block-heading\">\ud83d\udc87 Haarpflege<\/h3>\n\n\n\n<ol class=\"wp-block-list\">\n<li><strong>Waschen Sie Ihr Haar nicht direkt nach dem F\u00e4rben<\/strong><br>Warten Sie mindestens 48 Stunden, damit sich die Farbe im Haar richtig festigen kann.<\/li>\n\n\n\n<li><strong>Verwenden Sie sulfatfreie Shampoos<\/strong><br>Diese reinigen besonders sanft und helfen dabei, die Haarfarbe und die Feuchtigkeit zu bewahren.<\/li>\n\n\n\n<li><strong>Pflegen Sie Ihr Haar mit Masken oder \u00d6len<\/strong><br>Einmal pro Woche eine n\u00e4hrende Maske oder ein nat\u00fcrliches \u00d6l (z.\u202fB. Argan-, Kokos- oder Jojoba\u00f6l) auftragen.<\/li>\n\n\n\n<li><strong>Hitzeschutz nicht vergessen<\/strong><br>Vor dem F\u00f6hnen, Gl\u00e4tten oder Stylen unbedingt ein Hitzeschutzprodukt verwenden.<\/li>\n\n\n\n<li><strong>Spitzen regelm\u00e4\u00dfig schneiden<\/strong><br>Alle 6\u20138 Wochen die Spitzen schneiden lassen, um Spliss zu vermeiden und gesundes Haarwachstum zu f\u00f6rdern.<\/li>\n<\/ol>\n\n\n\n<p><\/p>\n\n\n\n<h3 class=\"wp-block-heading\">\ud83e\uddd6 Gesichtspflege<\/h3>\n\n\n\n<ol class=\"wp-block-list\">\n<li><strong>Reinigen Sie Ihr Gesicht morgens und abends<\/strong><br>Verwenden Sie milde Reinigungsprodukte, die zu Ihrem Hauttyp passen.<\/li>\n\n\n\n<li><strong>Tonic nach der Reinigung verwenden<\/strong><br>Ein Gesichtswasser hilft, den nat\u00fcrlichen pH-Wert der Haut wiederherzustellen und bereitet auf die Pflege vor.<\/li>\n\n\n\n<li><strong>T\u00e4gliche Feuchtigkeitspflege<\/strong><br>Eine passende Feuchtigkeitscreme ist f\u00fcr jeden Hauttyp wichtig \u2013 auch f\u00fcr fettige Haut.<\/li>\n\n\n\n<li><strong>Sonnenschutz ist Pflicht \u2013 das ganze Jahr \u00fcber<\/strong><br>Eine Tagespflege mit SPF sch\u00fctzt vor Hautalterung und Pigmentflecken.<\/li>\n\n\n\n<li><strong>1\u20132 Mal pro Woche ein Peeling<\/strong><br>Ein sanftes Peeling entfernt abgestorbene Hautzellen und verfeinert das Hautbild.<\/li>\n<\/ol>\n\n\n\n<p><\/p>\n\n\n\n<h3 class=\"wp-block-heading\">\ud83e\uddd8 Allgemeine Empfehlungen<\/h3>\n\n\n\n<ol class=\"wp-block-list\">\n<li><strong>Trinken Sie ausreichend Wasser<\/strong><br>Mindestens 1,5\u20132 Liter t\u00e4glich unterst\u00fctzen Haut und Haare von innen.<\/li>\n\n\n\n<li><strong>Achten Sie auf eine ausgewogene Ern\u00e4hrung<\/strong><br>Vitamine, Proteine und Omega-Fetts\u00e4uren st\u00e4rken Ihre nat\u00fcrliche Sch\u00f6nheit.<\/li>\n\n\n\n<li><strong>Schlafen Sie genug<\/strong><br>7\u20138 Stunden Schlaf f\u00f6rdern die Hautregeneration und das allgemeine Wohlbefinden.<\/li>\n\n\n\n<li><strong>Reduzieren Sie Stress<\/strong><br>Entspannung, Bewegung und kleine Auszeiten wirken sich positiv auf Aussehen und Stimmung aus.<\/li>\n<\/ol>","protected":false},"excerpt":{"rendered":"<p>Salon Ela'ya yapt\u0131\u011f\u0131n\u0131z ziyaretin sonu\u00e7lar\u0131n\u0131n m\u00fcmk\u00fcn oldu\u011funca uzun s\u00fcre kal\u0131c\u0131 olmas\u0131n\u0131 ister misiniz? \u0130\u015fte evde sa\u00e7\u0131n\u0131za, y\u00fcz cildinize ve genel g\u00fczelli\u011finize bak\u0131m yapmak i\u00e7in basit ama etkili ipu\u00e7lar\u0131. \ud83d\udc87 Sa\u00e7 bak\u0131m\u0131 \ud83e\uddd6 Y\u00fcz bak\u0131m\u0131 \ud83e\uddd8 Genel \u00f6neriler<\/p>","protected":false},"author":1,"featured_media":738,"comment_status":"closed","ping_status":"open","sticky":false,"template":"","format":"standard","meta":{"footnotes":""},"categories":[10],"tags":[],"class_list":["post-721","post","type-post","status-publish","format-standard","has-post-thumbnail","hentry","category-blog"],"acf":[],"yoast_head":"<!-- This site is optimized with the Yoast SEO plugin v26.4 - https:\/\/yoast.com\/wordpress\/plugins\/seo\/ -->\n<title>Pflegetipps nach dem Friseurbesuch &#8211; Friseur Ela<\/title>\n<meta name=\"robots\" content=\"index, follow, max-snippet:-1, max-image-preview:large, max-video-preview:-1\" \/>\n<link rel=\"canonical\" href=\"https:\/\/salon-ela.de\/tr\/pflegetipps-nach-dem-friseurbesuch\/\" \/>\n<meta property=\"og:locale\" content=\"tr_TR\" \/>\n<meta property=\"og:type\" content=\"article\" \/>\n<meta property=\"og:title\" content=\"Pflegetipps nach dem Friseurbesuch &#8211; Friseur Ela\" \/>\n<meta property=\"og:description\" content=\"M\u00f6chten Sie, dass das Ergebnis Ihres Besuchs bei Salon Ela m\u00f6glichst lange erhalten bleibt? Hier finden Sie einfache, aber wirkungsvolle Tipps zur Pflege Ihrer Haare, Gesichtshaut und allgemeinen Sch\u00f6nheit zu Hause. \ud83d\udc87 Haarpflege \ud83e\uddd6 Gesichtspflege \ud83e\uddd8 Allgemeine Empfehlungen\" \/>\n<meta property=\"og:url\" content=\"https:\/\/salon-ela.de\/tr\/pflegetipps-nach-dem-friseurbesuch\/\" \/>\n<meta property=\"og:site_name\" content=\"Friseur Ela\" \/>\n<meta property=\"article:publisher\" content=\"https:\/\/www.facebook.com\/profile.php?id=100066531817981\" \/>\n<meta property=\"article:published_time\" content=\"2025-06-09T20:45:28+00:00\" \/>\n<meta property=\"article:modified_time\" content=\"2025-06-09T21:00:55+00:00\" \/>\n<meta property=\"og:image\" content=\"https:\/\/salon-ela.de\/wp-content\/uploads\/2025\/06\/barber-hairdresser-tools_87771-244.webp\" \/>\n\t<meta property=\"og:image:width\" content=\"626\" \/>\n\t<meta property=\"og:image:height\" content=\"626\" \/>\n\t<meta property=\"og:image:type\" content=\"image\/webp\" \/>\n<meta name=\"author\" content=\"salon-ela\" \/>\n<meta name=\"twitter:card\" content=\"summary_large_image\" \/>\n<meta name=\"twitter:creator\" content=\"@friseursalonela\" \/>\n<meta name=\"twitter:site\" content=\"@friseursalonela\" \/>\n<meta name=\"twitter:label1\" content=\"Yazan:\" \/>\n\t<meta name=\"twitter:data1\" content=\"salon-ela\" \/>\n\t<meta name=\"twitter:label2\" content=\"Tahmini okuma s\u00fcresi\" \/>\n\t<meta name=\"twitter:data2\" content=\"2 dakika\" \/>\n<script type=\"application\/ld+json\" class=\"yoast-schema-graph\">{\"@context\":\"https:\/\/schema.org\",\"@graph\":[{\"@type\":\"Article\",\"@id\":\"https:\/\/salon-ela.de\/pflegetipps-nach-dem-friseurbesuch\/#article\",\"isPartOf\":{\"@id\":\"https:\/\/salon-ela.de\/pflegetipps-nach-dem-friseurbesuch\/\"},\"author\":{\"name\":\"salon-ela\",\"@id\":\"https:\/\/salon-ela.de\/uk\/#\/schema\/person\/d6719e877bf41e9757bbfa732918a980\"},\"headline\":\"Pflegetipps nach dem Friseurbesuch\",\"datePublished\":\"2025-06-09T20:45:28+00:00\",\"dateModified\":\"2025-06-09T21:00:55+00:00\",\"mainEntityOfPage\":{\"@id\":\"https:\/\/salon-ela.de\/pflegetipps-nach-dem-friseurbesuch\/\"},\"wordCount\":295,\"publisher\":{\"@id\":\"https:\/\/salon-ela.de\/uk\/#organization\"},\"image\":{\"@id\":\"https:\/\/salon-ela.de\/pflegetipps-nach-dem-friseurbesuch\/#primaryimage\"},\"thumbnailUrl\":\"https:\/\/salon-ela.de\/wp-content\/uploads\/2025\/06\/barber-hairdresser-tools_87771-244.webp\",\"articleSection\":[\"Blog\"],\"inLanguage\":\"tr\"},{\"@type\":\"WebPage\",\"@id\":\"https:\/\/salon-ela.de\/pflegetipps-nach-dem-friseurbesuch\/\",\"url\":\"https:\/\/salon-ela.de\/pflegetipps-nach-dem-friseurbesuch\/\",\"name\":\"Pflegetipps nach dem Friseurbesuch &#8211; Friseur Ela\",\"isPartOf\":{\"@id\":\"https:\/\/salon-ela.de\/uk\/#website\"},\"primaryImageOfPage\":{\"@id\":\"https:\/\/salon-ela.de\/pflegetipps-nach-dem-friseurbesuch\/#primaryimage\"},\"image\":{\"@id\":\"https:\/\/salon-ela.de\/pflegetipps-nach-dem-friseurbesuch\/#primaryimage\"},\"thumbnailUrl\":\"https:\/\/salon-ela.de\/wp-content\/uploads\/2025\/06\/barber-hairdresser-tools_87771-244.webp\",\"datePublished\":\"2025-06-09T20:45:28+00:00\",\"dateModified\":\"2025-06-09T21:00:55+00:00\",\"breadcrumb\":{\"@id\":\"https:\/\/salon-ela.de\/pflegetipps-nach-dem-friseurbesuch\/#breadcrumb\"},\"inLanguage\":\"tr\",\"potentialAction\":[{\"@type\":\"ReadAction\",\"target\":[\"https:\/\/salon-ela.de\/pflegetipps-nach-dem-friseurbesuch\/\"]}]},{\"@type\":\"ImageObject\",\"inLanguage\":\"tr\",\"@id\":\"https:\/\/salon-ela.de\/pflegetipps-nach-dem-friseurbesuch\/#primaryimage\",\"url\":\"https:\/\/salon-ela.de\/wp-content\/uploads\/2025\/06\/barber-hairdresser-tools_87771-244.webp\",\"contentUrl\":\"https:\/\/salon-ela.de\/wp-content\/uploads\/2025\/06\/barber-hairdresser-tools_87771-244.webp\",\"width\":626,\"height\":626},{\"@type\":\"BreadcrumbList\",\"@id\":\"https:\/\/salon-ela.de\/pflegetipps-nach-dem-friseurbesuch\/#breadcrumb\",\"itemListElement\":[{\"@type\":\"ListItem\",\"position\":1,\"name\":\"Home\",\"item\":\"https:\/\/salon-ela.de\/uk\/\"},{\"@type\":\"ListItem\",\"position\":2,\"name\":\"Pflegetipps nach dem Friseurbesuch\"}]},{\"@type\":\"WebSite\",\"@id\":\"https:\/\/salon-ela.de\/uk\/#website\",\"url\":\"https:\/\/salon-ela.de\/uk\/\",\"name\":\"Friseursalon Ela\",\"description\":\"Friseursalon Ela in Dortmund\",\"publisher\":{\"@id\":\"https:\/\/salon-ela.de\/uk\/#organization\"},\"potentialAction\":[{\"@type\":\"SearchAction\",\"target\":{\"@type\":\"EntryPoint\",\"urlTemplate\":\"https:\/\/salon-ela.de\/uk\/?s={search_term_string}\"},\"query-input\":{\"@type\":\"PropertyValueSpecification\",\"valueRequired\":true,\"valueName\":\"search_term_string\"}}],\"inLanguage\":\"tr\"},{\"@type\":\"Organization\",\"@id\":\"https:\/\/salon-ela.de\/uk\/#organization\",\"name\":\"Friseursalon Ela\",\"url\":\"https:\/\/salon-ela.de\/uk\/\",\"logo\":{\"@type\":\"ImageObject\",\"inLanguage\":\"tr\",\"@id\":\"https:\/\/salon-ela.de\/uk\/#\/schema\/logo\/image\/\",\"url\":\"https:\/\/salon-ela.de\/wp-content\/uploads\/2025\/02\/logoela.png\",\"contentUrl\":\"https:\/\/salon-ela.de\/wp-content\/uploads\/2025\/02\/logoela.png\",\"width\":60,\"height\":96,\"caption\":\"Friseursalon Ela\"},\"image\":{\"@id\":\"https:\/\/salon-ela.de\/uk\/#\/schema\/logo\/image\/\"},\"sameAs\":[\"https:\/\/www.facebook.com\/profile.php?id=100066531817981\",\"https:\/\/x.com\/friseursalonela\"]},{\"@type\":\"Person\",\"@id\":\"https:\/\/salon-ela.de\/uk\/#\/schema\/person\/d6719e877bf41e9757bbfa732918a980\",\"name\":\"salon-ela\",\"image\":{\"@type\":\"ImageObject\",\"inLanguage\":\"tr\",\"@id\":\"https:\/\/salon-ela.de\/uk\/#\/schema\/person\/image\/\",\"url\":\"https:\/\/secure.gravatar.com\/avatar\/74dce7f9ee1a15bceb8c52b8f25c92eab6cfe4dcef45c2ca9fa1b49d1a512f83?s=96&d=mm&r=g\",\"contentUrl\":\"https:\/\/secure.gravatar.com\/avatar\/74dce7f9ee1a15bceb8c52b8f25c92eab6cfe4dcef45c2ca9fa1b49d1a512f83?s=96&d=mm&r=g\",\"caption\":\"salon-ela\"},\"sameAs\":[\"http:\/\/salon-ela.orhandavidov.com\"],\"url\":\"https:\/\/salon-ela.de\/tr\/author\/salon-ela\/\"}]}<\/script>\n<!-- \/ Yoast SEO plugin. -->","yoast_head_json":{"title":"Pflegetipps nach dem Friseurbesuch &#8211; Friseur Ela","robots":{"index":"index","follow":"follow","max-snippet":"max-snippet:-1","max-image-preview":"max-image-preview:large","max-video-preview":"max-video-preview:-1"},"canonical":"https:\/\/salon-ela.de\/tr\/pflegetipps-nach-dem-friseurbesuch\/","og_locale":"tr_TR","og_type":"article","og_title":"Pflegetipps nach dem Friseurbesuch &#8211; Friseur Ela","og_description":"M\u00f6chten Sie, dass das Ergebnis Ihres Besuchs bei Salon Ela m\u00f6glichst lange erhalten bleibt? Hier finden Sie einfache, aber wirkungsvolle Tipps zur Pflege Ihrer Haare, Gesichtshaut und allgemeinen Sch\u00f6nheit zu Hause. \ud83d\udc87 Haarpflege \ud83e\uddd6 Gesichtspflege \ud83e\uddd8 Allgemeine Empfehlungen","og_url":"https:\/\/salon-ela.de\/tr\/pflegetipps-nach-dem-friseurbesuch\/","og_site_name":"Friseur Ela","article_publisher":"https:\/\/www.facebook.com\/profile.php?id=100066531817981","article_published_time":"2025-06-09T20:45:28+00:00","article_modified_time":"2025-06-09T21:00:55+00:00","og_image":[{"width":626,"height":626,"url":"https:\/\/salon-ela.de\/wp-content\/uploads\/2025\/06\/barber-hairdresser-tools_87771-244.webp","type":"image\/webp"}],"author":"salon-ela","twitter_card":"summary_large_image","twitter_creator":"@friseursalonela","twitter_site":"@friseursalonela","twitter_misc":{"Yazan:":"salon-ela","Tahmini okuma s\u00fcresi":"2 dakika"},"schema":{"@context":"https:\/\/schema.org","@graph":[{"@type":"Article","@id":"https:\/\/salon-ela.de\/pflegetipps-nach-dem-friseurbesuch\/#article","isPartOf":{"@id":"https:\/\/salon-ela.de\/pflegetipps-nach-dem-friseurbesuch\/"},"author":{"name":"salon-ela","@id":"https:\/\/salon-ela.de\/uk\/#\/schema\/person\/d6719e877bf41e9757bbfa732918a980"},"headline":"Pflegetipps nach dem Friseurbesuch","datePublished":"2025-06-09T20:45:28+00:00","dateModified":"2025-06-09T21:00:55+00:00","mainEntityOfPage":{"@id":"https:\/\/salon-ela.de\/pflegetipps-nach-dem-friseurbesuch\/"},"wordCount":295,"publisher":{"@id":"https:\/\/salon-ela.de\/uk\/#organization"},"image":{"@id":"https:\/\/salon-ela.de\/pflegetipps-nach-dem-friseurbesuch\/#primaryimage"},"thumbnailUrl":"https:\/\/salon-ela.de\/wp-content\/uploads\/2025\/06\/barber-hairdresser-tools_87771-244.webp","articleSection":["Blog"],"inLanguage":"tr"},{"@type":"WebPage","@id":"https:\/\/salon-ela.de\/pflegetipps-nach-dem-friseurbesuch\/","url":"https:\/\/salon-ela.de\/pflegetipps-nach-dem-friseurbesuch\/","name":"Pflegetipps nach dem Friseurbesuch &#8211; Friseur Ela","isPartOf":{"@id":"https:\/\/salon-ela.de\/uk\/#website"},"primaryImageOfPage":{"@id":"https:\/\/salon-ela.de\/pflegetipps-nach-dem-friseurbesuch\/#primaryimage"},"image":{"@id":"https:\/\/salon-ela.de\/pflegetipps-nach-dem-friseurbesuch\/#primaryimage"},"thumbnailUrl":"https:\/\/salon-ela.de\/wp-content\/uploads\/2025\/06\/barber-hairdresser-tools_87771-244.webp","datePublished":"2025-06-09T20:45:28+00:00","dateModified":"2025-06-09T21:00:55+00:00","breadcrumb":{"@id":"https:\/\/salon-ela.de\/pflegetipps-nach-dem-friseurbesuch\/#breadcrumb"},"inLanguage":"tr","potentialAction":[{"@type":"ReadAction","target":["https:\/\/salon-ela.de\/pflegetipps-nach-dem-friseurbesuch\/"]}]},{"@type":"ImageObject","inLanguage":"tr","@id":"https:\/\/salon-ela.de\/pflegetipps-nach-dem-friseurbesuch\/#primaryimage","url":"https:\/\/salon-ela.de\/wp-content\/uploads\/2025\/06\/barber-hairdresser-tools_87771-244.webp","contentUrl":"https:\/\/salon-ela.de\/wp-content\/uploads\/2025\/06\/barber-hairdresser-tools_87771-244.webp","width":626,"height":626},{"@type":"BreadcrumbList","@id":"https:\/\/salon-ela.de\/pflegetipps-nach-dem-friseurbesuch\/#breadcrumb","itemListElement":[{"@type":"ListItem","position":1,"name":"Home","item":"https:\/\/salon-ela.de\/uk\/"},{"@type":"ListItem","position":2,"name":"Pflegetipps nach dem Friseurbesuch"}]},{"@type":"WebSite","@id":"https:\/\/salon-ela.de\/uk\/#website","url":"https:\/\/salon-ela.de\/uk\/","name":"Friseursalon Ela","description":"Friseursalon Ela in Dortmund","publisher":{"@id":"https:\/\/salon-ela.de\/uk\/#organization"},"potentialAction":[{"@type":"SearchAction","target":{"@type":"EntryPoint","urlTemplate":"https:\/\/salon-ela.de\/uk\/?s={search_term_string}"},"query-input":{"@type":"PropertyValueSpecification","valueRequired":true,"valueName":"search_term_string"}}],"inLanguage":"tr"},{"@type":"Organization","@id":"https:\/\/salon-ela.de\/uk\/#organization","name":"Friseursalon Ela","url":"https:\/\/salon-ela.de\/uk\/","logo":{"@type":"ImageObject","inLanguage":"tr","@id":"https:\/\/salon-ela.de\/uk\/#\/schema\/logo\/image\/","url":"https:\/\/salon-ela.de\/wp-content\/uploads\/2025\/02\/logoela.png","contentUrl":"https:\/\/salon-ela.de\/wp-content\/uploads\/2025\/02\/logoela.png","width":60,"height":96,"caption":"Friseursalon Ela"},"image":{"@id":"https:\/\/salon-ela.de\/uk\/#\/schema\/logo\/image\/"},"sameAs":["https:\/\/www.facebook.com\/profile.php?id=100066531817981","https:\/\/x.com\/friseursalonela"]},{"@type":"Person","@id":"https:\/\/salon-ela.de\/uk\/#\/schema\/person\/d6719e877bf41e9757bbfa732918a980","name":"salon-ela","image":{"@type":"ImageObject","inLanguage":"tr","@id":"https:\/\/salon-ela.de\/uk\/#\/schema\/person\/image\/","url":"https:\/\/secure.gravatar.com\/avatar\/74dce7f9ee1a15bceb8c52b8f25c92eab6cfe4dcef45c2ca9fa1b49d1a512f83?s=96&d=mm&r=g","contentUrl":"https:\/\/secure.gravatar.com\/avatar\/74dce7f9ee1a15bceb8c52b8f25c92eab6cfe4dcef45c2ca9fa1b49d1a512f83?s=96&d=mm&r=g","caption":"salon-ela"},"sameAs":["http:\/\/salon-ela.orhandavidov.com"],"url":"https:\/\/salon-ela.de\/tr\/author\/salon-ela\/"}]}},"_links":{"self":[{"href":"https:\/\/salon-ela.de\/tr\/wp-json\/wp\/v2\/posts\/721","targetHints":{"allow":["GET"]}}],"collection":[{"href":"https:\/\/salon-ela.de\/tr\/wp-json\/wp\/v2\/posts"}],"about":[{"href":"https:\/\/salon-ela.de\/tr\/wp-json\/wp\/v2\/types\/post"}],"author":[{"embeddable":true,"href":"https:\/\/salon-ela.de\/tr\/wp-json\/wp\/v2\/users\/1"}],"replies":[{"embeddable":true,"href":"https:\/\/salon-ela.de\/tr\/wp-json\/wp\/v2\/comments?post=721"}],"version-history":[{"count":0,"href":"https:\/\/salon-ela.de\/tr\/wp-json\/wp\/v2\/posts\/721\/revisions"}],"wp:featuredmedia":[{"embeddable":true,"href":"https:\/\/salon-ela.de\/tr\/wp-json\/wp\/v2\/media\/738"}],"wp:attachment":[{"href":"https:\/\/salon-ela.de\/tr\/wp-json\/wp\/v2\/media?parent=721"}],"wp:term":[{"taxonomy":"category","embeddable":true,"href":"https:\/\/salon-ela.de\/tr\/wp-json\/wp\/v2\/categories?post=721"},{"taxonomy":"post_tag","embeddable":true,"href":"https:\/\/salon-ela.de\/tr\/wp-json\/wp\/v2\/tags?post=721"}],"curies":[{"name":"wp","href":"https:\/\/api.w.org\/{rel}","templated":true}]}}