{"id":398,"date":"2025-03-16T01:01:11","date_gmt":"2025-03-15T22:01:11","guid":{"rendered":"https:\/\/salon-ela.orhandavidov.com\/?p=398"},"modified":"2025-10-28T21:55:57","modified_gmt":"2025-10-28T20:55:57","slug":"haare-bart","status":"publish","type":"post","link":"https:\/\/salon-ela.de\/uk\/haare-bart\/","title":{"rendered":"\u0412\u043e\u043b\u043e\u0441\u0441\u044f \u0442\u0430 \u0431\u043e\u0440\u043e\u0434\u0430"},"content":{"rendered":"<p>\u0412 \u043e\u0441\u0442\u0430\u043d\u043d\u0456 \u0440\u043e\u043a\u0438 \u0434\u043e\u0433\u043b\u044f\u0434 \u0437\u0430 \u0432\u043e\u043b\u043e\u0441\u0441\u044f\u043c \u0442\u0430 \u0431\u043e\u0440\u043e\u0434\u043e\u044e \u0441\u0435\u0440\u0435\u0434 \u0447\u043e\u043b\u043e\u0432\u0456\u043a\u0456\u0432 \u0443 \u041d\u0456\u043c\u0435\u0447\u0447\u0438\u043d\u0456 \u043f\u0435\u0440\u0435\u0436\u0438\u0432 \u043f\u043e\u043c\u0456\u0442\u043d\u0438\u0439 \u0441\u043f\u043b\u0435\u0441\u043a. \u0421\u0443\u0447\u0430\u0441\u043d\u0456 \u0447\u043e\u043b\u043e\u0432\u0456\u043a\u0438 \u0434\u0435\u0434\u0430\u043b\u0456 \u0431\u0456\u043b\u044c\u0448\u0435 \u0446\u0456\u043d\u0443\u044e\u0442\u044c \u0434\u043e\u0433\u043b\u044f\u043d\u0443\u0442\u0438\u0439 \u0437\u043e\u0432\u043d\u0456\u0448\u043d\u0456\u0439 \u0432\u0438\u0433\u043b\u044f\u0434, \u043f\u0440\u0438 \u0446\u044c\u043e\u043c\u0443 \u0432 \u0442\u0440\u0435\u043d\u0434\u0456 \u044f\u043a \u0442\u0440\u0430\u0434\u0438\u0446\u0456\u0439\u043d\u0456, \u0442\u0430\u043a \u0456 \u0441\u0443\u0447\u0430\u0441\u043d\u0456 \u0437\u0430\u0447\u0456\u0441\u043a\u0438 \u0442\u0430 \u0441\u0442\u0438\u043b\u0456 \u0431\u043e\u0440\u043e\u0434\u0438.<\/p>\n\n\n\n<p><strong>\u041f\u043e\u043f\u0443\u043b\u044f\u0440\u043d\u0456 \u0447\u043e\u043b\u043e\u0432\u0456\u0447\u0456 \u0437\u0430\u0447\u0456\u0441\u043a\u0438 \u0432 \u041d\u0456\u043c\u0435\u0447\u0447\u0438\u043d\u0456<\/strong><\/p>\n\n\n\n<p>Eine der klassischen Frisuren, die in Deutschland wieder an Popularit\u00e4t gewonnen hat, ist der sogenannte &#8222;Hitlerjugend&#8220;-Schnitt. Diese Frisur zeichnet sich durch kurz rasierte Seiten und einen l\u00e4ngeren oberen Teil aus, der entweder zur Seite oder nach hinten gestylt wird. Trotz ihres historischen Ursprungs hat sich diese Frisur zu einem zeitlosen Stil entwickelt, der von vielen M\u00e4nnern gesch\u00e4tzt wird. \u200b<\/p>\n\n\n\n<p><strong>Barttrends und ihre Pflege<\/strong><\/p>\n\n\n\n<p>B\u00e4rte sind in Deutschland \u00e4u\u00dferst beliebt. Laut einer Umfrage tragen fast die H\u00e4lfte der deutschen M\u00e4nner einen Bart, wobei der Drei-Tage-Bart besonders gesch\u00e4tzt wird. Dieser Stil wird von 42 % der barttragenden M\u00e4nner bevorzugt und von 62 % der Befragten als attraktiv empfunden. Ein gepflegter Bart erfordert regelm\u00e4\u00dfige Pflege, einschlie\u00dflich Trimmen und der Verwendung spezieller Bartpflegeprodukte, um ein ordentliches Erscheinungsbild zu gew\u00e4hrleisten.\u200b<br>Deutsche Welle<\/p>\n\n\n\n<p><strong>Aufstieg der Barbershops<\/strong><\/p>\n\n\n\n<p>Mit dem wachsenden Interesse an Haar- und Bartpflege erleben Barbershops in Deutschland eine Renaissance. Diese Einrichtungen kombinieren die Funktionen eines Friseursalons mit der Atmosph\u00e4re eines M\u00e4nnerclubs, in dem man nicht nur einen Haarschnitt oder eine Rasur erhalten kann, sondern auch in m\u00e4nnlicher Gesellschaft entspannen und Gespr\u00e4che f\u00fchren kann. Die Zahl der Barbershops in Deutschland ist in den letzten Jahren deutlich gestiegen, was das gestiegene Interesse an spezialisierter M\u00e4nnerpflege widerspiegelt. \u200b<br>Deutsche Welle<\/p>\n\n\n\n<p><strong>\u0412\u0438\u0441\u043d\u043e\u0432\u043e\u043a<\/strong><\/p>\n\n\n\n<p>Die Pflege von Haaren und Bart hat f\u00fcr viele M\u00e4nner in Deutschland an Bedeutung gewonnen. Ob durch klassische Frisuren wie den &#8222;Hitlerjugend&#8220;-Schnitt, verschiedene Bartstile oder den Besuch eines Barbershops \u2013 das Streben nach einem gepflegten und stilvollen Erscheinungsbild ist ein deutlich erkennbarer Trend.<\/p>","protected":false},"excerpt":{"rendered":"<p>28\u20ac<\/p>","protected":false},"author":1,"featured_media":443,"comment_status":"closed","ping_status":"closed","sticky":false,"template":"","format":"standard","meta":{"footnotes":""},"categories":[6],"tags":[],"class_list":["post-398","post","type-post","status-publish","format-standard","has-post-thumbnail","hentry","category-services-mens"],"acf":[],"yoast_head":"<!-- This site is optimized with the Yoast SEO plugin v26.4 - https:\/\/yoast.com\/wordpress\/plugins\/seo\/ -->\n<title>Haare &amp; Bart &#8211; Friseur Ela<\/title>\n<meta name=\"robots\" content=\"index, follow, max-snippet:-1, max-image-preview:large, max-video-preview:-1\" \/>\n<link rel=\"canonical\" href=\"https:\/\/salon-ela.de\/uk\/haare-bart\/\" \/>\n<meta property=\"og:locale\" content=\"uk_UA\" \/>\n<meta property=\"og:type\" content=\"article\" \/>\n<meta property=\"og:title\" content=\"Haare &amp; Bart &#8211; Friseur Ela\" \/>\n<meta property=\"og:description\" content=\"28\u20ac\" \/>\n<meta property=\"og:url\" content=\"https:\/\/salon-ela.de\/uk\/haare-bart\/\" \/>\n<meta property=\"og:site_name\" content=\"Friseur Ela\" \/>\n<meta property=\"article:publisher\" content=\"https:\/\/www.facebook.com\/profile.php?id=100066531817981\" \/>\n<meta property=\"article:published_time\" content=\"2025-03-15T22:01:11+00:00\" \/>\n<meta property=\"article:modified_time\" content=\"2025-10-28T20:55:57+00:00\" \/>\n<meta name=\"author\" content=\"salon-ela\" \/>\n<meta name=\"twitter:card\" content=\"summary_large_image\" \/>\n<meta name=\"twitter:creator\" content=\"@friseursalonela\" \/>\n<meta name=\"twitter:site\" content=\"@friseursalonela\" \/>\n<meta name=\"twitter:label1\" content=\"\u041d\u0430\u043f\u0438\u0441\u0430\u043d\u043e\" \/>\n\t<meta name=\"twitter:data1\" content=\"salon-ela\" \/>\n\t<meta name=\"twitter:label2\" content=\"\u041f\u0440\u0438\u0431\u043b. \u0447\u0430\u0441 \u0447\u0438\u0442\u0430\u043d\u043d\u044f\" \/>\n\t<meta name=\"twitter:data2\" content=\"2 \u0445\u0432\u0438\u043b\u0438\u043d\u0438\" \/>\n<script type=\"application\/ld+json\" class=\"yoast-schema-graph\">{\"@context\":\"https:\/\/schema.org\",\"@graph\":[{\"@type\":\"Article\",\"@id\":\"https:\/\/salon-ela.de\/haare-bart\/#article\",\"isPartOf\":{\"@id\":\"https:\/\/salon-ela.de\/haare-bart\/\"},\"author\":{\"name\":\"salon-ela\",\"@id\":\"https:\/\/salon-ela.de\/uk\/#\/schema\/person\/d6719e877bf41e9757bbfa732918a980\"},\"headline\":\"Haare &amp; Bart\",\"datePublished\":\"2025-03-15T22:01:11+00:00\",\"dateModified\":\"2025-10-28T20:55:57+00:00\",\"mainEntityOfPage\":{\"@id\":\"https:\/\/salon-ela.de\/haare-bart\/\"},\"wordCount\":312,\"publisher\":{\"@id\":\"https:\/\/salon-ela.de\/uk\/#organization\"},\"image\":{\"@id\":\"https:\/\/salon-ela.de\/haare-bart\/#primaryimage\"},\"thumbnailUrl\":\"https:\/\/salon-ela.de\/wp-content\/uploads\/2025\/03\/human-male-hairs-of-the-head-svgrepo-com.svg\",\"articleSection\":[\"Services Men's\"],\"inLanguage\":\"uk\"},{\"@type\":\"WebPage\",\"@id\":\"https:\/\/salon-ela.de\/haare-bart\/\",\"url\":\"https:\/\/salon-ela.de\/haare-bart\/\",\"name\":\"Haare &amp; Bart &#8211; Friseur Ela\",\"isPartOf\":{\"@id\":\"https:\/\/salon-ela.de\/uk\/#website\"},\"primaryImageOfPage\":{\"@id\":\"https:\/\/salon-ela.de\/haare-bart\/#primaryimage\"},\"image\":{\"@id\":\"https:\/\/salon-ela.de\/haare-bart\/#primaryimage\"},\"thumbnailUrl\":\"https:\/\/salon-ela.de\/wp-content\/uploads\/2025\/03\/human-male-hairs-of-the-head-svgrepo-com.svg\",\"datePublished\":\"2025-03-15T22:01:11+00:00\",\"dateModified\":\"2025-10-28T20:55:57+00:00\",\"breadcrumb\":{\"@id\":\"https:\/\/salon-ela.de\/haare-bart\/#breadcrumb\"},\"inLanguage\":\"uk\",\"potentialAction\":[{\"@type\":\"ReadAction\",\"target\":[\"https:\/\/salon-ela.de\/haare-bart\/\"]}]},{\"@type\":\"ImageObject\",\"inLanguage\":\"uk\",\"@id\":\"https:\/\/salon-ela.de\/haare-bart\/#primaryimage\",\"url\":\"https:\/\/salon-ela.de\/wp-content\/uploads\/2025\/03\/human-male-hairs-of-the-head-svgrepo-com.svg\",\"contentUrl\":\"https:\/\/salon-ela.de\/wp-content\/uploads\/2025\/03\/human-male-hairs-of-the-head-svgrepo-com.svg\",\"width\":375,\"height\":375},{\"@type\":\"BreadcrumbList\",\"@id\":\"https:\/\/salon-ela.de\/haare-bart\/#breadcrumb\",\"itemListElement\":[{\"@type\":\"ListItem\",\"position\":1,\"name\":\"Home\",\"item\":\"https:\/\/salon-ela.de\/uk\/\"},{\"@type\":\"ListItem\",\"position\":2,\"name\":\"Haare &amp; Bart\"}]},{\"@type\":\"WebSite\",\"@id\":\"https:\/\/salon-ela.de\/uk\/#website\",\"url\":\"https:\/\/salon-ela.de\/uk\/\",\"name\":\"Friseursalon Ela\",\"description\":\"Friseursalon Ela in Dortmund\",\"publisher\":{\"@id\":\"https:\/\/salon-ela.de\/uk\/#organization\"},\"potentialAction\":[{\"@type\":\"SearchAction\",\"target\":{\"@type\":\"EntryPoint\",\"urlTemplate\":\"https:\/\/salon-ela.de\/uk\/?s={search_term_string}\"},\"query-input\":{\"@type\":\"PropertyValueSpecification\",\"valueRequired\":true,\"valueName\":\"search_term_string\"}}],\"inLanguage\":\"uk\"},{\"@type\":\"Organization\",\"@id\":\"https:\/\/salon-ela.de\/uk\/#organization\",\"name\":\"Friseursalon Ela\",\"url\":\"https:\/\/salon-ela.de\/uk\/\",\"logo\":{\"@type\":\"ImageObject\",\"inLanguage\":\"uk\",\"@id\":\"https:\/\/salon-ela.de\/uk\/#\/schema\/logo\/image\/\",\"url\":\"https:\/\/salon-ela.de\/wp-content\/uploads\/2025\/02\/logoela.png\",\"contentUrl\":\"https:\/\/salon-ela.de\/wp-content\/uploads\/2025\/02\/logoela.png\",\"width\":60,\"height\":96,\"caption\":\"Friseursalon Ela\"},\"image\":{\"@id\":\"https:\/\/salon-ela.de\/uk\/#\/schema\/logo\/image\/\"},\"sameAs\":[\"https:\/\/www.facebook.com\/profile.php?id=100066531817981\",\"https:\/\/x.com\/friseursalonela\"]},{\"@type\":\"Person\",\"@id\":\"https:\/\/salon-ela.de\/uk\/#\/schema\/person\/d6719e877bf41e9757bbfa732918a980\",\"name\":\"salon-ela\",\"image\":{\"@type\":\"ImageObject\",\"inLanguage\":\"uk\",\"@id\":\"https:\/\/salon-ela.de\/uk\/#\/schema\/person\/image\/\",\"url\":\"https:\/\/secure.gravatar.com\/avatar\/74dce7f9ee1a15bceb8c52b8f25c92eab6cfe4dcef45c2ca9fa1b49d1a512f83?s=96&d=mm&r=g\",\"contentUrl\":\"https:\/\/secure.gravatar.com\/avatar\/74dce7f9ee1a15bceb8c52b8f25c92eab6cfe4dcef45c2ca9fa1b49d1a512f83?s=96&d=mm&r=g\",\"caption\":\"salon-ela\"},\"sameAs\":[\"http:\/\/salon-ela.orhandavidov.com\"],\"url\":\"https:\/\/salon-ela.de\/uk\/author\/salon-ela\/\"}]}<\/script>\n<!-- \/ Yoast SEO plugin. -->","yoast_head_json":{"title":"Haare &amp; Bart &#8211; Friseur Ela","robots":{"index":"index","follow":"follow","max-snippet":"max-snippet:-1","max-image-preview":"max-image-preview:large","max-video-preview":"max-video-preview:-1"},"canonical":"https:\/\/salon-ela.de\/uk\/haare-bart\/","og_locale":"uk_UA","og_type":"article","og_title":"Haare &amp; Bart &#8211; Friseur Ela","og_description":"28\u20ac","og_url":"https:\/\/salon-ela.de\/uk\/haare-bart\/","og_site_name":"Friseur Ela","article_publisher":"https:\/\/www.facebook.com\/profile.php?id=100066531817981","article_published_time":"2025-03-15T22:01:11+00:00","article_modified_time":"2025-10-28T20:55:57+00:00","author":"salon-ela","twitter_card":"summary_large_image","twitter_creator":"@friseursalonela","twitter_site":"@friseursalonela","twitter_misc":{"\u041d\u0430\u043f\u0438\u0441\u0430\u043d\u043e":"salon-ela","\u041f\u0440\u0438\u0431\u043b. \u0447\u0430\u0441 \u0447\u0438\u0442\u0430\u043d\u043d\u044f":"2 \u0445\u0432\u0438\u043b\u0438\u043d\u0438"},"schema":{"@context":"https:\/\/schema.org","@graph":[{"@type":"Article","@id":"https:\/\/salon-ela.de\/haare-bart\/#article","isPartOf":{"@id":"https:\/\/salon-ela.de\/haare-bart\/"},"author":{"name":"salon-ela","@id":"https:\/\/salon-ela.de\/uk\/#\/schema\/person\/d6719e877bf41e9757bbfa732918a980"},"headline":"Haare &amp; Bart","datePublished":"2025-03-15T22:01:11+00:00","dateModified":"2025-10-28T20:55:57+00:00","mainEntityOfPage":{"@id":"https:\/\/salon-ela.de\/haare-bart\/"},"wordCount":312,"publisher":{"@id":"https:\/\/salon-ela.de\/uk\/#organization"},"image":{"@id":"https:\/\/salon-ela.de\/haare-bart\/#primaryimage"},"thumbnailUrl":"https:\/\/salon-ela.de\/wp-content\/uploads\/2025\/03\/human-male-hairs-of-the-head-svgrepo-com.svg","articleSection":["Services Men's"],"inLanguage":"uk"},{"@type":"WebPage","@id":"https:\/\/salon-ela.de\/haare-bart\/","url":"https:\/\/salon-ela.de\/haare-bart\/","name":"Haare &amp; Bart &#8211; Friseur Ela","isPartOf":{"@id":"https:\/\/salon-ela.de\/uk\/#website"},"primaryImageOfPage":{"@id":"https:\/\/salon-ela.de\/haare-bart\/#primaryimage"},"image":{"@id":"https:\/\/salon-ela.de\/haare-bart\/#primaryimage"},"thumbnailUrl":"https:\/\/salon-ela.de\/wp-content\/uploads\/2025\/03\/human-male-hairs-of-the-head-svgrepo-com.svg","datePublished":"2025-03-15T22:01:11+00:00","dateModified":"2025-10-28T20:55:57+00:00","breadcrumb":{"@id":"https:\/\/salon-ela.de\/haare-bart\/#breadcrumb"},"inLanguage":"uk","potentialAction":[{"@type":"ReadAction","target":["https:\/\/salon-ela.de\/haare-bart\/"]}]},{"@type":"ImageObject","inLanguage":"uk","@id":"https:\/\/salon-ela.de\/haare-bart\/#primaryimage","url":"https:\/\/salon-ela.de\/wp-content\/uploads\/2025\/03\/human-male-hairs-of-the-head-svgrepo-com.svg","contentUrl":"https:\/\/salon-ela.de\/wp-content\/uploads\/2025\/03\/human-male-hairs-of-the-head-svgrepo-com.svg","width":375,"height":375},{"@type":"BreadcrumbList","@id":"https:\/\/salon-ela.de\/haare-bart\/#breadcrumb","itemListElement":[{"@type":"ListItem","position":1,"name":"Home","item":"https:\/\/salon-ela.de\/uk\/"},{"@type":"ListItem","position":2,"name":"Haare &amp; Bart"}]},{"@type":"WebSite","@id":"https:\/\/salon-ela.de\/uk\/#website","url":"https:\/\/salon-ela.de\/uk\/","name":"Friseursalon Ela","description":"Friseursalon Ela in Dortmund","publisher":{"@id":"https:\/\/salon-ela.de\/uk\/#organization"},"potentialAction":[{"@type":"SearchAction","target":{"@type":"EntryPoint","urlTemplate":"https:\/\/salon-ela.de\/uk\/?s={search_term_string}"},"query-input":{"@type":"PropertyValueSpecification","valueRequired":true,"valueName":"search_term_string"}}],"inLanguage":"uk"},{"@type":"Organization","@id":"https:\/\/salon-ela.de\/uk\/#organization","name":"Friseursalon Ela","url":"https:\/\/salon-ela.de\/uk\/","logo":{"@type":"ImageObject","inLanguage":"uk","@id":"https:\/\/salon-ela.de\/uk\/#\/schema\/logo\/image\/","url":"https:\/\/salon-ela.de\/wp-content\/uploads\/2025\/02\/logoela.png","contentUrl":"https:\/\/salon-ela.de\/wp-content\/uploads\/2025\/02\/logoela.png","width":60,"height":96,"caption":"Friseursalon Ela"},"image":{"@id":"https:\/\/salon-ela.de\/uk\/#\/schema\/logo\/image\/"},"sameAs":["https:\/\/www.facebook.com\/profile.php?id=100066531817981","https:\/\/x.com\/friseursalonela"]},{"@type":"Person","@id":"https:\/\/salon-ela.de\/uk\/#\/schema\/person\/d6719e877bf41e9757bbfa732918a980","name":"salon-ela","image":{"@type":"ImageObject","inLanguage":"uk","@id":"https:\/\/salon-ela.de\/uk\/#\/schema\/person\/image\/","url":"https:\/\/secure.gravatar.com\/avatar\/74dce7f9ee1a15bceb8c52b8f25c92eab6cfe4dcef45c2ca9fa1b49d1a512f83?s=96&d=mm&r=g","contentUrl":"https:\/\/secure.gravatar.com\/avatar\/74dce7f9ee1a15bceb8c52b8f25c92eab6cfe4dcef45c2ca9fa1b49d1a512f83?s=96&d=mm&r=g","caption":"salon-ela"},"sameAs":["http:\/\/salon-ela.orhandavidov.com"],"url":"https:\/\/salon-ela.de\/uk\/author\/salon-ela\/"}]}},"_links":{"self":[{"href":"https:\/\/salon-ela.de\/uk\/wp-json\/wp\/v2\/posts\/398","targetHints":{"allow":["GET"]}}],"collection":[{"href":"https:\/\/salon-ela.de\/uk\/wp-json\/wp\/v2\/posts"}],"about":[{"href":"https:\/\/salon-ela.de\/uk\/wp-json\/wp\/v2\/types\/post"}],"author":[{"embeddable":true,"href":"https:\/\/salon-ela.de\/uk\/wp-json\/wp\/v2\/users\/1"}],"replies":[{"embeddable":true,"href":"https:\/\/salon-ela.de\/uk\/wp-json\/wp\/v2\/comments?post=398"}],"version-history":[{"count":0,"href":"https:\/\/salon-ela.de\/uk\/wp-json\/wp\/v2\/posts\/398\/revisions"}],"wp:featuredmedia":[{"embeddable":true,"href":"https:\/\/salon-ela.de\/uk\/wp-json\/wp\/v2\/media\/443"}],"wp:attachment":[{"href":"https:\/\/salon-ela.de\/uk\/wp-json\/wp\/v2\/media?parent=398"}],"wp:term":[{"taxonomy":"category","embeddable":true,"href":"https:\/\/salon-ela.de\/uk\/wp-json\/wp\/v2\/categories?post=398"},{"taxonomy":"post_tag","embeddable":true,"href":"https:\/\/salon-ela.de\/uk\/wp-json\/wp\/v2\/tags?post=398"}],"curies":[{"name":"wp","href":"https:\/\/api.w.org\/{rel}","templated":true}]}}