{"id":402,"date":"2025-03-16T01:03:14","date_gmt":"2025-03-15T22:03:14","guid":{"rendered":"https:\/\/salon-ela.orhandavidov.com\/?p=402"},"modified":"2025-06-01T23:19:52","modified_gmt":"2025-06-01T21:19:52","slug":"maderne-nassrasur","status":"publish","type":"post","link":"https:\/\/salon-ela.de\/uk\/maderne-nassrasur\/","title":{"rendered":"\u0421\u0443\u0447\u0430\u0441\u043d\u0435 \u0432\u043e\u043b\u043e\u0433\u0435 \u0433\u043e\u043b\u0456\u043d\u043d\u044f"},"content":{"rendered":"<p><strong>Moderne Nassrasur: Tradition trifft Innovation<\/strong><\/p>\n\n\n\n<p>Die Nassrasur ist eine der \u00e4ltesten Methoden der Gesichts- und K\u00f6rperpflege f\u00fcr M\u00e4nner. In den letzten Jahren hat sich diese traditionelle Technik jedoch stark weiterentwickelt. Moderne Nassrasur kombiniert bew\u00e4hrte Methoden mit innovativen Produkten, um ein optimales Rasurergebnis zu erzielen.<\/p>\n\n\n\n<h3 class=\"wp-block-heading\">Die Vorteile der Nassrasur<\/h3>\n\n\n\n<p>Viele M\u00e4nner entscheiden sich bewusst f\u00fcr die Nassrasur, da sie einige Vorteile gegen\u00fcber der Trockenrasur bietet:<\/p>\n\n\n\n<ul class=\"wp-block-list\">\n<li><strong>Gr\u00fcndlichkeit<\/strong>: Die Klinge schneidet die Haare direkt an der Hautoberfl\u00e4che ab, wodurch eine besonders glatte Rasur erreicht wird.<\/li>\n\n\n\n<li><strong>Weniger Hautirritationen<\/strong>: Hochwertige Rasierseifen und -cremes versorgen die Haut mit Feuchtigkeit und reduzieren das Risiko von R\u00f6tungen und Rasurbrand.<\/li>\n\n\n\n<li><strong>Traditionelles Pflegeerlebnis<\/strong>: Die Nassrasur mit einem klassischen Rasiermesser oder einem Sicherheitsrasierer bietet ein besonderes Ritual und kann als entspannender Start in den Tag dienen.<\/li>\n<\/ul>\n\n\n\n<h3 class=\"wp-block-heading\">Die richtige Vorbereitung<\/h3>\n\n\n\n<p>Ein perfektes Rasurergebnis beginnt mit der richtigen Vorbereitung:<\/p>\n\n\n\n<ol start=\"1\" class=\"wp-block-list\">\n<li><strong>Gesicht reinigen<\/strong>: Warmes Wasser und ein mildes Reinigungsmittel \u00f6ffnen die Poren und weichen die Barthaare auf.<\/li>\n\n\n\n<li><strong>Rasierschaum oder Rasierseife auftragen<\/strong>: Mit einem Rasierpinsel l\u00e4sst sich der Schaum gleichm\u00e4\u00dfig verteilen, wodurch die Haut besser gesch\u00fctzt wird.<\/li>\n\n\n\n<li><strong>Wahl des Rasierers<\/strong>: Moderne Sicherheitsrasierer oder klassische Rasiermesser bieten je nach Vorliebe eine gr\u00fcndliche Rasur.<\/li>\n<\/ol>\n\n\n\n<h3 class=\"wp-block-heading\">Die richtige Rasurtechnik<\/h3>\n\n\n\n<ul class=\"wp-block-list\">\n<li><strong>Mit der Wuchsrichtung rasieren<\/strong>: Dies reduziert Hautreizungen und minimiert das Risiko von eingewachsenen Haaren.<\/li>\n\n\n\n<li><strong>Leichter Druck<\/strong>: Die Klinge sollte sanft \u00fcber die Haut gleiten, um Schnitte zu vermeiden.<\/li>\n\n\n\n<li><strong>Regelm\u00e4\u00dfiges Reinigen der Klinge<\/strong>: Das Absp\u00fclen unter warmem Wasser verhindert Verstopfungen und sorgt f\u00fcr eine gleichm\u00e4\u00dfige Rasur.<\/li>\n<\/ul>\n\n\n\n<h3 class=\"wp-block-heading\">Die Nachbehandlung<\/h3>\n\n\n\n<p>Nach der Rasur ist die richtige Pflege entscheidend:<\/p>\n\n\n\n<ul class=\"wp-block-list\">\n<li><strong>K\u00fchles Wasser<\/strong> schlie\u00dft die Poren und beruhigt die Haut.<\/li>\n\n\n\n<li><strong>Aftershave oder Feuchtigkeitscreme<\/strong> spendet Feuchtigkeit und verhindert Reizungen.<\/li>\n\n\n\n<li><strong>Alkoholhaltige Produkte vermeiden<\/strong>, wenn die Haut empfindlich ist.<\/li>\n<\/ul>\n\n\n\n<h3 class=\"wp-block-heading\">\u0412\u0438\u0441\u043d\u043e\u0432\u043e\u043a<\/h3>\n\n\n\n<p>Die moderne Nassrasur verbindet das Beste aus zwei Welten: Traditionelle Techniken mit modernen Pflegeprodukten. Sie bietet eine gr\u00fcndliche, hautschonende Rasur und ein einzigartiges Pflegeerlebnis. Wer sich Zeit nimmt und auf hochwertige Produkte setzt, wird mit einer glatten und gepflegten Haut belohnt.<\/p>","protected":false},"excerpt":{"rendered":"<p>14\u20ac<\/p>","protected":false},"author":1,"featured_media":500,"comment_status":"closed","ping_status":"closed","sticky":false,"template":"","format":"standard","meta":{"footnotes":""},"categories":[6],"tags":[],"class_list":["post-402","post","type-post","status-publish","format-standard","has-post-thumbnail","hentry","category-services-mens"],"acf":[],"yoast_head":"<!-- This site is optimized with the Yoast SEO plugin v26.4 - https:\/\/yoast.com\/wordpress\/plugins\/seo\/ -->\n<title>Moderne Nassrasur &#8211; Friseur Ela<\/title>\n<meta name=\"robots\" content=\"index, follow, max-snippet:-1, max-image-preview:large, max-video-preview:-1\" \/>\n<link rel=\"canonical\" href=\"https:\/\/salon-ela.de\/uk\/maderne-nassrasur\/\" \/>\n<meta property=\"og:locale\" content=\"uk_UA\" \/>\n<meta property=\"og:type\" content=\"article\" \/>\n<meta property=\"og:title\" content=\"Moderne Nassrasur &#8211; Friseur Ela\" \/>\n<meta property=\"og:description\" content=\"14\u20ac\" \/>\n<meta property=\"og:url\" content=\"https:\/\/salon-ela.de\/uk\/maderne-nassrasur\/\" \/>\n<meta property=\"og:site_name\" content=\"Friseur Ela\" \/>\n<meta property=\"article:publisher\" content=\"https:\/\/www.facebook.com\/profile.php?id=100066531817981\" \/>\n<meta property=\"article:published_time\" content=\"2025-03-15T22:03:14+00:00\" \/>\n<meta property=\"article:modified_time\" content=\"2025-06-01T21:19:52+00:00\" \/>\n<meta name=\"author\" content=\"salon-ela\" \/>\n<meta name=\"twitter:card\" content=\"summary_large_image\" \/>\n<meta name=\"twitter:creator\" content=\"@friseursalonela\" \/>\n<meta name=\"twitter:site\" content=\"@friseursalonela\" \/>\n<meta name=\"twitter:label1\" content=\"\u041d\u0430\u043f\u0438\u0441\u0430\u043d\u043e\" \/>\n\t<meta name=\"twitter:data1\" content=\"salon-ela\" \/>\n\t<meta name=\"twitter:label2\" content=\"\u041f\u0440\u0438\u0431\u043b. \u0447\u0430\u0441 \u0447\u0438\u0442\u0430\u043d\u043d\u044f\" \/>\n\t<meta name=\"twitter:data2\" content=\"2 \u0445\u0432\u0438\u043b\u0438\u043d\u0438\" \/>\n<script type=\"application\/ld+json\" class=\"yoast-schema-graph\">{\"@context\":\"https:\/\/schema.org\",\"@graph\":[{\"@type\":\"Article\",\"@id\":\"https:\/\/salon-ela.de\/maderne-nassrasur\/#article\",\"isPartOf\":{\"@id\":\"https:\/\/salon-ela.de\/maderne-nassrasur\/\"},\"author\":{\"name\":\"salon-ela\",\"@id\":\"https:\/\/salon-ela.de\/uk\/#\/schema\/person\/d6719e877bf41e9757bbfa732918a980\"},\"headline\":\"Moderne Nassrasur\",\"datePublished\":\"2025-03-15T22:03:14+00:00\",\"dateModified\":\"2025-06-01T21:19:52+00:00\",\"mainEntityOfPage\":{\"@id\":\"https:\/\/salon-ela.de\/maderne-nassrasur\/\"},\"wordCount\":334,\"publisher\":{\"@id\":\"https:\/\/salon-ela.de\/uk\/#organization\"},\"image\":{\"@id\":\"https:\/\/salon-ela.de\/maderne-nassrasur\/#primaryimage\"},\"thumbnailUrl\":\"https:\/\/salon-ela.de\/wp-content\/uploads\/2025\/03\/razors-svgrepo-com.svg\",\"articleSection\":[\"Services Men's\"],\"inLanguage\":\"uk\"},{\"@type\":\"WebPage\",\"@id\":\"https:\/\/salon-ela.de\/maderne-nassrasur\/\",\"url\":\"https:\/\/salon-ela.de\/maderne-nassrasur\/\",\"name\":\"Moderne Nassrasur &#8211; Friseur Ela\",\"isPartOf\":{\"@id\":\"https:\/\/salon-ela.de\/uk\/#website\"},\"primaryImageOfPage\":{\"@id\":\"https:\/\/salon-ela.de\/maderne-nassrasur\/#primaryimage\"},\"image\":{\"@id\":\"https:\/\/salon-ela.de\/maderne-nassrasur\/#primaryimage\"},\"thumbnailUrl\":\"https:\/\/salon-ela.de\/wp-content\/uploads\/2025\/03\/razors-svgrepo-com.svg\",\"datePublished\":\"2025-03-15T22:03:14+00:00\",\"dateModified\":\"2025-06-01T21:19:52+00:00\",\"breadcrumb\":{\"@id\":\"https:\/\/salon-ela.de\/maderne-nassrasur\/#breadcrumb\"},\"inLanguage\":\"uk\",\"potentialAction\":[{\"@type\":\"ReadAction\",\"target\":[\"https:\/\/salon-ela.de\/maderne-nassrasur\/\"]}]},{\"@type\":\"ImageObject\",\"inLanguage\":\"uk\",\"@id\":\"https:\/\/salon-ela.de\/maderne-nassrasur\/#primaryimage\",\"url\":\"https:\/\/salon-ela.de\/wp-content\/uploads\/2025\/03\/razors-svgrepo-com.svg\",\"contentUrl\":\"https:\/\/salon-ela.de\/wp-content\/uploads\/2025\/03\/razors-svgrepo-com.svg\",\"width\":375,\"height\":375},{\"@type\":\"BreadcrumbList\",\"@id\":\"https:\/\/salon-ela.de\/maderne-nassrasur\/#breadcrumb\",\"itemListElement\":[{\"@type\":\"ListItem\",\"position\":1,\"name\":\"Home\",\"item\":\"https:\/\/salon-ela.de\/uk\/\"},{\"@type\":\"ListItem\",\"position\":2,\"name\":\"Moderne Nassrasur\"}]},{\"@type\":\"WebSite\",\"@id\":\"https:\/\/salon-ela.de\/uk\/#website\",\"url\":\"https:\/\/salon-ela.de\/uk\/\",\"name\":\"Friseursalon Ela\",\"description\":\"Friseursalon Ela in Dortmund\",\"publisher\":{\"@id\":\"https:\/\/salon-ela.de\/uk\/#organization\"},\"potentialAction\":[{\"@type\":\"SearchAction\",\"target\":{\"@type\":\"EntryPoint\",\"urlTemplate\":\"https:\/\/salon-ela.de\/uk\/?s={search_term_string}\"},\"query-input\":{\"@type\":\"PropertyValueSpecification\",\"valueRequired\":true,\"valueName\":\"search_term_string\"}}],\"inLanguage\":\"uk\"},{\"@type\":\"Organization\",\"@id\":\"https:\/\/salon-ela.de\/uk\/#organization\",\"name\":\"Friseursalon Ela\",\"url\":\"https:\/\/salon-ela.de\/uk\/\",\"logo\":{\"@type\":\"ImageObject\",\"inLanguage\":\"uk\",\"@id\":\"https:\/\/salon-ela.de\/uk\/#\/schema\/logo\/image\/\",\"url\":\"https:\/\/salon-ela.de\/wp-content\/uploads\/2025\/02\/logoela.png\",\"contentUrl\":\"https:\/\/salon-ela.de\/wp-content\/uploads\/2025\/02\/logoela.png\",\"width\":60,\"height\":96,\"caption\":\"Friseursalon Ela\"},\"image\":{\"@id\":\"https:\/\/salon-ela.de\/uk\/#\/schema\/logo\/image\/\"},\"sameAs\":[\"https:\/\/www.facebook.com\/profile.php?id=100066531817981\",\"https:\/\/x.com\/friseursalonela\"]},{\"@type\":\"Person\",\"@id\":\"https:\/\/salon-ela.de\/uk\/#\/schema\/person\/d6719e877bf41e9757bbfa732918a980\",\"name\":\"salon-ela\",\"image\":{\"@type\":\"ImageObject\",\"inLanguage\":\"uk\",\"@id\":\"https:\/\/salon-ela.de\/uk\/#\/schema\/person\/image\/\",\"url\":\"https:\/\/secure.gravatar.com\/avatar\/74dce7f9ee1a15bceb8c52b8f25c92eab6cfe4dcef45c2ca9fa1b49d1a512f83?s=96&d=mm&r=g\",\"contentUrl\":\"https:\/\/secure.gravatar.com\/avatar\/74dce7f9ee1a15bceb8c52b8f25c92eab6cfe4dcef45c2ca9fa1b49d1a512f83?s=96&d=mm&r=g\",\"caption\":\"salon-ela\"},\"sameAs\":[\"http:\/\/salon-ela.orhandavidov.com\"],\"url\":\"https:\/\/salon-ela.de\/uk\/author\/salon-ela\/\"}]}<\/script>\n<!-- \/ Yoast SEO plugin. -->","yoast_head_json":{"title":"Moderne Nassrasur &#8211; Friseur Ela","robots":{"index":"index","follow":"follow","max-snippet":"max-snippet:-1","max-image-preview":"max-image-preview:large","max-video-preview":"max-video-preview:-1"},"canonical":"https:\/\/salon-ela.de\/uk\/maderne-nassrasur\/","og_locale":"uk_UA","og_type":"article","og_title":"Moderne Nassrasur &#8211; Friseur Ela","og_description":"14\u20ac","og_url":"https:\/\/salon-ela.de\/uk\/maderne-nassrasur\/","og_site_name":"Friseur Ela","article_publisher":"https:\/\/www.facebook.com\/profile.php?id=100066531817981","article_published_time":"2025-03-15T22:03:14+00:00","article_modified_time":"2025-06-01T21:19:52+00:00","author":"salon-ela","twitter_card":"summary_large_image","twitter_creator":"@friseursalonela","twitter_site":"@friseursalonela","twitter_misc":{"\u041d\u0430\u043f\u0438\u0441\u0430\u043d\u043e":"salon-ela","\u041f\u0440\u0438\u0431\u043b. \u0447\u0430\u0441 \u0447\u0438\u0442\u0430\u043d\u043d\u044f":"2 \u0445\u0432\u0438\u043b\u0438\u043d\u0438"},"schema":{"@context":"https:\/\/schema.org","@graph":[{"@type":"Article","@id":"https:\/\/salon-ela.de\/maderne-nassrasur\/#article","isPartOf":{"@id":"https:\/\/salon-ela.de\/maderne-nassrasur\/"},"author":{"name":"salon-ela","@id":"https:\/\/salon-ela.de\/uk\/#\/schema\/person\/d6719e877bf41e9757bbfa732918a980"},"headline":"Moderne Nassrasur","datePublished":"2025-03-15T22:03:14+00:00","dateModified":"2025-06-01T21:19:52+00:00","mainEntityOfPage":{"@id":"https:\/\/salon-ela.de\/maderne-nassrasur\/"},"wordCount":334,"publisher":{"@id":"https:\/\/salon-ela.de\/uk\/#organization"},"image":{"@id":"https:\/\/salon-ela.de\/maderne-nassrasur\/#primaryimage"},"thumbnailUrl":"https:\/\/salon-ela.de\/wp-content\/uploads\/2025\/03\/razors-svgrepo-com.svg","articleSection":["Services Men's"],"inLanguage":"uk"},{"@type":"WebPage","@id":"https:\/\/salon-ela.de\/maderne-nassrasur\/","url":"https:\/\/salon-ela.de\/maderne-nassrasur\/","name":"Moderne Nassrasur &#8211; Friseur Ela","isPartOf":{"@id":"https:\/\/salon-ela.de\/uk\/#website"},"primaryImageOfPage":{"@id":"https:\/\/salon-ela.de\/maderne-nassrasur\/#primaryimage"},"image":{"@id":"https:\/\/salon-ela.de\/maderne-nassrasur\/#primaryimage"},"thumbnailUrl":"https:\/\/salon-ela.de\/wp-content\/uploads\/2025\/03\/razors-svgrepo-com.svg","datePublished":"2025-03-15T22:03:14+00:00","dateModified":"2025-06-01T21:19:52+00:00","breadcrumb":{"@id":"https:\/\/salon-ela.de\/maderne-nassrasur\/#breadcrumb"},"inLanguage":"uk","potentialAction":[{"@type":"ReadAction","target":["https:\/\/salon-ela.de\/maderne-nassrasur\/"]}]},{"@type":"ImageObject","inLanguage":"uk","@id":"https:\/\/salon-ela.de\/maderne-nassrasur\/#primaryimage","url":"https:\/\/salon-ela.de\/wp-content\/uploads\/2025\/03\/razors-svgrepo-com.svg","contentUrl":"https:\/\/salon-ela.de\/wp-content\/uploads\/2025\/03\/razors-svgrepo-com.svg","width":375,"height":375},{"@type":"BreadcrumbList","@id":"https:\/\/salon-ela.de\/maderne-nassrasur\/#breadcrumb","itemListElement":[{"@type":"ListItem","position":1,"name":"Home","item":"https:\/\/salon-ela.de\/uk\/"},{"@type":"ListItem","position":2,"name":"Moderne Nassrasur"}]},{"@type":"WebSite","@id":"https:\/\/salon-ela.de\/uk\/#website","url":"https:\/\/salon-ela.de\/uk\/","name":"Friseursalon Ela","description":"Friseursalon Ela in Dortmund","publisher":{"@id":"https:\/\/salon-ela.de\/uk\/#organization"},"potentialAction":[{"@type":"SearchAction","target":{"@type":"EntryPoint","urlTemplate":"https:\/\/salon-ela.de\/uk\/?s={search_term_string}"},"query-input":{"@type":"PropertyValueSpecification","valueRequired":true,"valueName":"search_term_string"}}],"inLanguage":"uk"},{"@type":"Organization","@id":"https:\/\/salon-ela.de\/uk\/#organization","name":"Friseursalon Ela","url":"https:\/\/salon-ela.de\/uk\/","logo":{"@type":"ImageObject","inLanguage":"uk","@id":"https:\/\/salon-ela.de\/uk\/#\/schema\/logo\/image\/","url":"https:\/\/salon-ela.de\/wp-content\/uploads\/2025\/02\/logoela.png","contentUrl":"https:\/\/salon-ela.de\/wp-content\/uploads\/2025\/02\/logoela.png","width":60,"height":96,"caption":"Friseursalon Ela"},"image":{"@id":"https:\/\/salon-ela.de\/uk\/#\/schema\/logo\/image\/"},"sameAs":["https:\/\/www.facebook.com\/profile.php?id=100066531817981","https:\/\/x.com\/friseursalonela"]},{"@type":"Person","@id":"https:\/\/salon-ela.de\/uk\/#\/schema\/person\/d6719e877bf41e9757bbfa732918a980","name":"salon-ela","image":{"@type":"ImageObject","inLanguage":"uk","@id":"https:\/\/salon-ela.de\/uk\/#\/schema\/person\/image\/","url":"https:\/\/secure.gravatar.com\/avatar\/74dce7f9ee1a15bceb8c52b8f25c92eab6cfe4dcef45c2ca9fa1b49d1a512f83?s=96&d=mm&r=g","contentUrl":"https:\/\/secure.gravatar.com\/avatar\/74dce7f9ee1a15bceb8c52b8f25c92eab6cfe4dcef45c2ca9fa1b49d1a512f83?s=96&d=mm&r=g","caption":"salon-ela"},"sameAs":["http:\/\/salon-ela.orhandavidov.com"],"url":"https:\/\/salon-ela.de\/uk\/author\/salon-ela\/"}]}},"_links":{"self":[{"href":"https:\/\/salon-ela.de\/uk\/wp-json\/wp\/v2\/posts\/402","targetHints":{"allow":["GET"]}}],"collection":[{"href":"https:\/\/salon-ela.de\/uk\/wp-json\/wp\/v2\/posts"}],"about":[{"href":"https:\/\/salon-ela.de\/uk\/wp-json\/wp\/v2\/types\/post"}],"author":[{"embeddable":true,"href":"https:\/\/salon-ela.de\/uk\/wp-json\/wp\/v2\/users\/1"}],"replies":[{"embeddable":true,"href":"https:\/\/salon-ela.de\/uk\/wp-json\/wp\/v2\/comments?post=402"}],"version-history":[{"count":0,"href":"https:\/\/salon-ela.de\/uk\/wp-json\/wp\/v2\/posts\/402\/revisions"}],"wp:featuredmedia":[{"embeddable":true,"href":"https:\/\/salon-ela.de\/uk\/wp-json\/wp\/v2\/media\/500"}],"wp:attachment":[{"href":"https:\/\/salon-ela.de\/uk\/wp-json\/wp\/v2\/media?parent=402"}],"wp:term":[{"taxonomy":"category","embeddable":true,"href":"https:\/\/salon-ela.de\/uk\/wp-json\/wp\/v2\/categories?post=402"},{"taxonomy":"post_tag","embeddable":true,"href":"https:\/\/salon-ela.de\/uk\/wp-json\/wp\/v2\/tags?post=402"}],"curies":[{"name":"wp","href":"https:\/\/api.w.org\/{rel}","templated":true}]}}